{"id":1600,"date":"2019-07-09T16:48:16","date_gmt":"2019-07-09T19:48:16","guid":{"rendered":"http:\/\/sistemafaepa.com.br\/faepa\/2019\/07\/09\/cna-informa-sobre-simplificacao-e-prorrogacao-do-e-social\/"},"modified":"2019-07-09T16:48:16","modified_gmt":"2019-07-09T19:48:16","slug":"cna-informa-sobre-simplificacao-e-prorrogacao-do-e-social","status":"publish","type":"post","link":"https:\/\/sistemafaepa.com.br\/faepa\/cna-informa-sobre-simplificacao-e-prorrogacao-do-e-social\/","title":{"rendered":"CNA informa sobre simplifica\u00e7\u00e3o e prorroga\u00e7\u00e3o do e-Social"},"content":{"rendered":"<p>Foi publicada no Di\u00e1rio Oficial da Uni\u00e3o de sexta (5) a Portaria n\u00ba 716 do Minist\u00e9rio da Economia, que simplifica procedimentos e prorroga prazos relativos ao e-Social.<\/p>\n<p>A prorroga\u00e7\u00e3o do prazo para a inclus\u00e3o das informa\u00e7\u00f5es dos eventos relativos \u00e0 Sa\u00fade e Seguran\u00e7a do Trabalhador (SST) no eSocial abrange todos os grupos, iniciando em 08 de janeiro de 2020 para o Grupo 1, 08 de julho de 2020 para o Grupo 2, 08 de janeiro de 2021 para o Grupo 3 e 08 de julho de 2021 para o Grupo 4.<\/p>\n<p>\u00c9 importante destacar que, embora a Portaria estabele\u00e7a tratamento diferenciado, simplificado e favorecido ao segurado especial e ao produtor rural pessoa f\u00edsica, definido em atos espec\u00edficos (art. 4\u00ba), h\u00e1 a informa\u00e7\u00e3o de que isso pode vir a ser alterado, limitando-se o tratamento diferenciado apenas aos segurados especiais e aos pequenos produtores rurais que contratarem at\u00e9 sete empregados.<\/p>\n<p>Caso essa altera\u00e7\u00e3o venha a ocorrer, os demais produtores rurais-pessoa f\u00edsica v\u00e3o permanecer no Grupo 3, cuja data para envio dos eventos peri\u00f3dicos (S-1200 a S-1300) tamb\u00e9m foi postergada (agora, \u00e9 8 de janeiro de 2020, referentes aos fatos ocorridos a partir de 1\u00ba de janeiro de 2020).<\/p>\n<p>De acordo com Assessoria Jur\u00eddica da Confedera\u00e7\u00e3o da Agricultura e Pecu\u00e1ria do Brasil (CNA), a Portaria 716 \u00e9 resultado de amplo debate promovido pelos representantes dos entes governamentais envolvidos.<\/p>\n<p>Para saber mais sobre esse assunto, acesse a p\u00e1gina no site da CNA:\u00a0<strong><a href=\"https:\/\/www.cnabrasil.org.br\/paginas-especiais\/entenda-o-esocial-e-a-efd-reinf-no-meio-rural\">https:\/\/www.cnabrasil.org.br\/p&#8230;<\/a><\/strong><\/p>\n<p>&nbsp;<\/p>\n","protected":false},"excerpt":{"rendered":"<p>Foi publicada no Di\u00e1rio Oficial da Uni\u00e3o de sexta (5) a Portaria n\u00ba 716 do Minist\u00e9rio da Economia, que simplifica procedimentos e prorroga prazos relativos ao e-Social. A prorroga\u00e7\u00e3o do prazo para a inclus\u00e3o das informa\u00e7\u00f5es dos eventos relativos \u00e0 Sa\u00fade e Seguran\u00e7a do Trabalhador (SST) no eSocial abrange todos os grupos, iniciando em 08 [&hellip;]<\/p>\n","protected":false},"author":1,"featured_media":1601,"comment_status":"open","ping_status":"open","sticky":false,"template":"","format":"standard","meta":{"_et_pb_use_builder":"","_et_pb_old_content":"","_et_gb_content_width":"","footnotes":""},"categories":[1],"tags":[],"class_list":["post-1600","post","type-post","status-publish","format-standard","has-post-thumbnail","hentry","category-sem-categoria"],"_links":{"self":[{"href":"https:\/\/sistemafaepa.com.br\/faepa\/wp-json\/wp\/v2\/posts\/1600","targetHints":{"allow":["GET"]}}],"collection":[{"href":"https:\/\/sistemafaepa.com.br\/faepa\/wp-json\/wp\/v2\/posts"}],"about":[{"href":"https:\/\/sistemafaepa.com.br\/faepa\/wp-json\/wp\/v2\/types\/post"}],"author":[{"embeddable":true,"href":"https:\/\/sistemafaepa.com.br\/faepa\/wp-json\/wp\/v2\/users\/1"}],"replies":[{"embeddable":true,"href":"https:\/\/sistemafaepa.com.br\/faepa\/wp-json\/wp\/v2\/comments?post=1600"}],"version-history":[{"count":0,"href":"https:\/\/sistemafaepa.com.br\/faepa\/wp-json\/wp\/v2\/posts\/1600\/revisions"}],"wp:featuredmedia":[{"embeddable":true,"href":"https:\/\/sistemafaepa.com.br\/faepa\/wp-json\/"}],"wp:attachment":[{"href":"https:\/\/sistemafaepa.com.br\/faepa\/wp-json\/wp\/v2\/media?parent=1600"}],"wp:term":[{"taxonomy":"category","embeddable":true,"href":"https:\/\/sistemafaepa.com.br\/faepa\/wp-json\/wp\/v2\/categories?post=1600"},{"taxonomy":"post_tag","embeddable":true,"href":"https:\/\/sistemafaepa.com.br\/faepa\/wp-json\/wp\/v2\/tags?post=1600"}],"curies":[{"name":"wp","href":"https:\/\/api.w.org\/{rel}","templated":true}]}}