{"id":1594,"date":"2019-07-08T16:27:05","date_gmt":"2019-07-08T19:27:05","guid":{"rendered":"http:\/\/sistemafaepa.com.br\/faepa\/2019\/07\/08\/paraenses-integram-grupo-vencedor-do-cna-jovem-2019\/"},"modified":"2019-07-08T16:27:05","modified_gmt":"2019-07-08T19:27:05","slug":"paraenses-integram-grupo-vencedor-do-cna-jovem-2019","status":"publish","type":"post","link":"https:\/\/sistemafaepa.com.br\/faepa\/paraenses-integram-grupo-vencedor-do-cna-jovem-2019\/","title":{"rendered":"Duas paraenses integram grupo do projeto vencedor do CNA Jovem 2019"},"content":{"rendered":"<p>As paraenses Let\u00edcia Hungria e Keyvilla Aguiar integraram o grupo vencedor do CNA Jovem 2019 com o projeto \u201cSustentar.e: conectando experi\u00eancias\u201d. A divulga\u00e7\u00e3o do resultado se deu no \u00faltimo encontro da etapa nacional do programa que ocorreu domingo, 7, na sede da CNA, em Bras\u00edlia. Os ganhadores individuais foram Carine Babick, de Santa Catarina; Paula Hofmeister, do Rio Grande do Sul; e Pedro Correia, do Rio de Janeiro.<\/p>\n<p><img loading=\"lazy\" decoding=\"async\" class=\"alignnone size-medium wp-image-1595\" src=\"https:\/\/sistemafaepa.com.br\/faepa\/wp-content\/uploads\/sites\/5\/2019\/07\/24ba5a9c-1cfe-4c44-a66d-9d5d89efa200-300x216.jpg\" alt=\"\" width=\"300\" height=\"216\" \/><\/p>\n<p>A engenheira agr\u00f4noma e t\u00e9cnica em Agroneg\u00f3cio, Keyvilla Aguiar, 28 anos, agradeceu a Federa\u00e7\u00e3o da Agricultura e Pecu\u00e1ria do Par\u00e1 (Faepa) que oportunizou a participa\u00e7\u00e3o nos encontros representando o Estado do Par\u00e1. \u201cE a todos aqueles que depositaram for\u00e7a e confian\u00e7a em n\u00f3s. O CNA Jovem \u00e9 um programa incr\u00edvel que s\u00f3 quem consegue falar sobre \u00e9 quem vive de verdade. Pra mim, essa oportunidade foi de extrema import\u00e2ncia para meu crescimento, pois possibilitou desenvolver compet\u00eancias e, acima de tudo, potencializar as que eu j\u00e1 tinha\u201d, destacou. Para ela, que \u00e9 tamb\u00e9m especialista em Gest\u00e3o Per\u00edcia e Auditoria Ambiental e mestranda em Uso Sustent\u00e1vel de Recursos Naturais em Regi\u00f5es Tropicais, o grupo vencedor contou com participantes bastante engajados, unidos e fi\u00e9is aos seus valores. \u201cA Sustentar,e \u00a0\u00e9 a evolu\u00e7\u00e3o de sonhos e anseios em comum de um grupo de jovens que realmente quer fazer a diferen\u00e7a. Poder representar o Par\u00e1 nesse grupo com a iniciativa que se destacou mais, s\u00f3 ati\u00e7ou nossa vontade de voltar pra casa e fazer a nossa parte para tornar o agro cada vez mais forte\u201d, disse orgulhosa.<\/p>\n<p><img loading=\"lazy\" decoding=\"async\" class=\"alignnone size-medium wp-image-1597\" src=\"https:\/\/sistemafaepa.com.br\/faepa\/wp-content\/uploads\/sites\/5\/2019\/07\/70bf0f66-e67e-40cf-b331-0e0d873f7ef7-300x220.jpg\" alt=\"\" width=\"300\" height=\"220\" \/><\/p>\n<p>De acordo com engenheira agr\u00f4noma e t\u00e9cnica em Agroneg\u00f3cio, Let\u00edcia Hungria, 26 anos, depois de um pouco mais de um ano em processo seletivo pelo programa, ela disse que existe uma Let\u00edcia antes e depois do CNA Jovem. \u201cN\u00e3o tem como voltar a ser a mesma no aspecto pessoal e profissional. Em rela\u00e7\u00e3o a minha vida profissional eu posso dizer que todas as experi\u00eancias extraordin\u00e1rias que vivemos, desde as palestras com os mais renomados consultores do pa\u00eds at\u00e9 um bate papo com a nossa Ministra da Agricultura, foi essencial para eu entender que a escolha que fiz aos 17 anos para trabalhar no Agro nunca fez tanto sentido. Eu volto de Bras\u00edlia com mais vontade e disposi\u00e7\u00e3o para trabalhar em prol do Agro brasileiro\u201d, avaliou. Let\u00edcia conta que foi dentro do programa e na reta final que encontrou seu prop\u00f3sito de vida. \u201cTudo isso s\u00f3 foi poss\u00edvel gra\u00e7as ao CNA Jovem e, especialmente, ao grupo com o qual convivi durante cinco meses para a constru\u00e7\u00e3o do Projeto Sustentar.e. Estamos todos dispostos a tornar o nosso projeto a maior plataforma de conex\u00e3o entre o produtor e o consumidor\u201d, revelou.<\/p>\n<p>Os tr\u00eas jovens com melhor potencial de lideran\u00e7a foram eleitos por uma comiss\u00e3o formada por t\u00e9cnicos da Diretoria de Educa\u00e7\u00e3o Profissional e Promo\u00e7\u00e3o Social (DEPPS) do Servi\u00e7o Nacional de Aprendizagem Rural (Senar). J\u00e1 os grupos foram avaliados por uma banca composta pelo diretor-geral da Faculdade CNA, Andr\u00e9 Sanches; pela superintendente de Rela\u00e7\u00f5es Internacionais da CNA, L\u00edgia Dutra; pelo assessor t\u00e9cnico do DEPPS, Rafael Nascimento da Costa; e pelo especialista em Gest\u00e3o de Projetos do Instituto Interamericano de Coopera\u00e7\u00e3o para a Agricultura (IICA), Pedro Cavalcante.<\/p>\n<p>\u201cTivemos um grupo diferenciado e que demonstrou um crescimento muito grande desde o primeiro encontro. Essa terceira edi\u00e7\u00e3o \u00e9 marcante pela qualidade t\u00e9cnica e pelo perfil de lideran\u00e7a dos participantes\u201d, afirmou a diretora de Educa\u00e7\u00e3o Profissional e Promo\u00e7\u00e3o Social do Servi\u00e7o Nacional de Aprendizagem Rural (Senar), Andr\u00e9a Barbosa.<\/p>\n<p><strong>Vencedores &#8211;<\/strong> Ao todo, 61 candidatos de 21 estados participaram da 3\u00aa edi\u00e7\u00e3o do CNA Jovem. O programa tem como objetivo formar e preparar lideran\u00e7as para os desafios do setor agropecu\u00e1rio brasileiro.<\/p>\n<p>Os jovens passaram por quatro meses de atividades intensas e quatro encontros presenciais durante o CNA Jovem 2019.<\/p>\n<p>Al\u00e9m de avalia\u00e7\u00f5es individuais, eles foram divididos em seis grupos conforme os desafios para o setor priorizados no in\u00edcio da etapa nacional.<\/p>\n<p>\u201c\u00c9 muita emo\u00e7\u00e3o e responsabilidade. Os desafios s\u00e3o continuar a plataforma Sustentar.e, projeto que desenvolvemos em grupo, e comunicar o Agro da melhor maneira poss\u00edvel\u201d, disse Carine Babick.<\/p>\n<p>\u201cAgora \u00e9 colocar o nosso desafio em pr\u00e1tica e poder difundir as a\u00e7\u00f5es boas do agroneg\u00f3cio, desmistificar alguns mitos ambientais, trabalhistas e de desmatamento. O nosso legado \u00e9 que temos que nos unir e trabalhar em prol do agroneg\u00f3cio, que \u00e9 muito bom e tem muita coisa para mostrar e ser apresentada para o mundo\u201d, declarou Paula Paiva Hofmeister.<\/p>\n<p>\u201cL\u00edderes n\u00e3o s\u00e3o descobertos ao acaso, eles s\u00e3o constru\u00eddos, e essa constru\u00e7\u00e3o \u00e9 poss\u00edvel de ser transmitida para outras pessoas que n\u00e3o enxergam esse poder em s\u00ed mesmas. Esse programa \u00e9 de lideran\u00e7as, mas muito mais do que isso, ensina a gente a acreditar na gente mesmo\u201d, afirmou Pedro Correia.<\/p>\n<p>Como pr\u00eamio, os tr\u00eas jovens ganharam uma viagem para o Vale do Sil\u00edcio, nos Estados Unidos, em novembro. J\u00e1 o grupo vencedor participar\u00e1 do Congresso Internacional de Lideran\u00e7as Jovens do Agro, em outubro, em S\u00e3o Paulo.<\/p>\n<p><strong>Palestrantes \u2013<\/strong> A programa\u00e7\u00e3o teve dois palestrantes nacionais durante o encontro: o professor de criatividade Murilo Gun e o professor e consultor especialista em lideran\u00e7a, Daniel Orlean.<\/p>\n<p>Murilo falou sobre criatividade para solu\u00e7\u00f5es de problemas e destacou a import\u00e2ncia do contato com outros segmentos para buscar ideias e solu\u00e7\u00f5es que possam ser aplicadas no agro.<\/p>\n<p>\u201cO segredo \u00e9 a Rede CNA Jovem para conectar pessoas. Apesar de ser um programa intenso, com v\u00e1rios encontros, o desafio \u00e9 gigante e n\u00e3o vai ser resolvido s\u00f3 num processo e, sim, com a continuidade e os participantes se conectando e fazendo acontecer as coisas\u201d, disse.<\/p>\n<p>O tema da palestra de Daniel Orlean foi \u201cProjetos Colaborativos: da decolagem ao voo de Cruzeiro\u201d. Ele deu dicas sobre a execu\u00e7\u00e3o de projetos e as mudan\u00e7as que acontecem ao longo do processo.<\/p>\n<p>\u201cQuem souber melhor identificar que o caminho precisa ser corrigido \u00e9 que vai ser mais bem-sucedido, porque uma parte muito pequena \u00e9 a ideia e costuma ser a parte que a gente mais valoriza. Grande parte do resultado est\u00e1 numa execu\u00e7\u00e3o feita por pessoas preparadas e abertas para mudan\u00e7as\u201d, afirmou ele.<\/p>\n<p>No domingo tamb\u00e9m aconteceu uma apresenta\u00e7\u00e3o sobre a Rede CNA Jovem. O encerramento do encontro foi feito pelo diretor-geral da Faculdade CNA, Andr\u00e9 Sanches.<\/p>\n<p>Confira todas as fotos do encontro\u00a0<strong><a href=\"https:\/\/www.flickr.com\/photos\/canaldoprodutor\/albums\/72157709495135882\">aqui<\/a>.<\/strong><\/p>\n","protected":false},"excerpt":{"rendered":"<p>As paraenses Let\u00edcia Hungria e Keyvilla Aguiar integraram o grupo vencedor do CNA Jovem 2019 com o projeto \u201cSustentar.e: conectando experi\u00eancias\u201d. A divulga\u00e7\u00e3o do resultado se deu no \u00faltimo encontro da etapa nacional do programa que ocorreu domingo, 7, na sede da CNA, em Bras\u00edlia. Os ganhadores individuais foram Carine Babick, de Santa Catarina; Paula [&hellip;]<\/p>\n","protected":false},"author":1,"featured_media":1599,"comment_status":"open","ping_status":"open","sticky":false,"template":"","format":"standard","meta":{"_et_pb_use_builder":"","_et_pb_old_content":"","_et_gb_content_width":"","footnotes":""},"categories":[1],"tags":[],"class_list":["post-1594","post","type-post","status-publish","format-standard","has-post-thumbnail","hentry","category-sem-categoria"],"_links":{"self":[{"href":"https:\/\/sistemafaepa.com.br\/faepa\/wp-json\/wp\/v2\/posts\/1594","targetHints":{"allow":["GET"]}}],"collection":[{"href":"https:\/\/sistemafaepa.com.br\/faepa\/wp-json\/wp\/v2\/posts"}],"about":[{"href":"https:\/\/sistemafaepa.com.br\/faepa\/wp-json\/wp\/v2\/types\/post"}],"author":[{"embeddable":true,"href":"https:\/\/sistemafaepa.com.br\/faepa\/wp-json\/wp\/v2\/users\/1"}],"replies":[{"embeddable":true,"href":"https:\/\/sistemafaepa.com.br\/faepa\/wp-json\/wp\/v2\/comments?post=1594"}],"version-history":[{"count":0,"href":"https:\/\/sistemafaepa.com.br\/faepa\/wp-json\/wp\/v2\/posts\/1594\/revisions"}],"wp:featuredmedia":[{"embeddable":true,"href":"https:\/\/sistemafaepa.com.br\/faepa\/wp-json\/"}],"wp:attachment":[{"href":"https:\/\/sistemafaepa.com.br\/faepa\/wp-json\/wp\/v2\/media?parent=1594"}],"wp:term":[{"taxonomy":"category","embeddable":true,"href":"https:\/\/sistemafaepa.com.br\/faepa\/wp-json\/wp\/v2\/categories?post=1594"},{"taxonomy":"post_tag","embeddable":true,"href":"https:\/\/sistemafaepa.com.br\/faepa\/wp-json\/wp\/v2\/tags?post=1594"}],"curies":[{"name":"wp","href":"https:\/\/api.w.org\/{rel}","templated":true}]}}