{"id":1584,"date":"2019-06-28T17:12:43","date_gmt":"2019-06-28T20:12:43","guid":{"rendered":"http:\/\/sistemafaepa.com.br\/faepa\/2019\/06\/28\/levantamento-de-custos-mostra-realidade-da-pecuaria-de-corte-no-para\/"},"modified":"2019-06-28T17:12:43","modified_gmt":"2019-06-28T20:12:43","slug":"levantamento-de-custos-mostra-realidade-da-pecuaria-de-corte-no-para","status":"publish","type":"post","link":"https:\/\/sistemafaepa.com.br\/faepa\/levantamento-de-custos-mostra-realidade-da-pecuaria-de-corte-no-para\/","title":{"rendered":"Levantamento de custos mostra realidade da pecu\u00e1ria de corte no Par\u00e1"},"content":{"rendered":"<p><img decoding=\"async\" src=\"https:\/\/www.cnabrasil.org.br\/assets\/images\/noticias\/3adce5a0-5e55-4374-b291-767dc627a6e1.jpg\" \/><\/p>\n<p>T\u00e9cnicos da Confedera\u00e7\u00e3o da Agricultura e Pecu\u00e1ria do Brasil (CNA) e do Centro de Estudos Avan\u00e7ados em Economia Aplicada (Cepea) visitaram na quinta (27) o munic\u00edpio de Reden\u00e7\u00e3o (PA) para levantar os custos de produ\u00e7\u00e3o da bovinocultura de corte da regi\u00e3o.<\/p>\n<p>A iniciativa faz parte do Projeto Campo Futuro e reuniu produtores rurais e representantes de sindicatos, cooperativas e da Federa\u00e7\u00e3o da Agricultura e Pecu\u00e1ria do Par\u00e1 (Faepa).<\/p>\n<p>Resultados preliminares do painel apontaram que o produtor t\u00edpico da regi\u00e3o trabalha com a cria de animais e possui uma propriedade de 1.500 hectares, sendo 70% da \u00e1rea ocupada por \u00e1rea de pastagem.<\/p>\n<p>\u201cO rebanho total \u00e9 de mais de mil cabe\u00e7as de gado e a taxa de lota\u00e7\u00e3o \u00e9 de 0,83 UA (unidade animal) por hectare, valor pr\u00f3ximo \u00e0 m\u00e9dia Brasil\u201d, disse o assessor t\u00e9cnico da Comiss\u00e3o Nacional de Bovinocultura de Corte da CNA, Ricardo Nissen.<\/p>\n<p>Segundo ele, apesar da propriedade modal n\u00e3o trabalhar com esta\u00e7\u00e3o de monta (pr\u00e1tica em que as f\u00eameas em reprodu\u00e7\u00e3o s\u00e3o expostas ao touro), ela possui bons \u00edndices zoot\u00e9cnicos.<\/p>\n<p><img decoding=\"async\" src=\"https:\/\/www.cnabrasil.org.br\/assets\/images\/75dae2bc-b0ca-4ad4-99f3-b9fff6e8885a.jpg\" \/><\/p>\n<p>\u201cDe modo geral, os pecuaristas da regi\u00e3o conseguem pagar os desembolsos anuais em curto prazo e tamb\u00e9m guardam dinheiro para fazer investimentos em itens que sofrem deprecia\u00e7\u00e3o, como trator e camionetes\u201d.<\/p>\n<p>Outro ponto destacado no painel foi a presen\u00e7a da erva t\u00f3xica \u201ccafezinho\u201d, que tem prejudicado a taxa de nascimento de animais. \u201cA taxa de aborto na regi\u00e3o \u00e9 acima do convencional, uma vez que o gado acaba consumindo a planta invasora. Ent\u00e3o esse \u00e9 um gargalo que, se solucionado, pode melhorar o sistema produtivo\u201d, explicou Nissen.<\/p>\n<p>De acordo com o analista de Custo de Produ\u00e7\u00e3o de Pecu\u00e1ria de Corte do Cepea, Giovanni Penazzi, diferente de S\u00e3o Felix do Xingu (munic\u00edpio visitado na quarta), na regi\u00e3o de Reden\u00e7\u00e3o existe maior competi\u00e7\u00e3o por \u00e1rea.<\/p>\n<p>\u201cComo custo de oportunidade, caso o produtor escolha n\u00e3o exercer mais a atividade pecu\u00e1ria, ele tem a possibilidade de arrendar a \u00e1rea pra cons\u00f3rcio de soja com milho e isso pode ser um problema para a competitividade do gado de corte\u201d.<\/p>\n<p>Para o pecuarista e presidente da Cooperativa Agropecu\u00e1ria de Reden\u00e7\u00e3o e Regi\u00e3o (Cooperagre), Joel Ferrarini, o painel foi importante para identificar os desafios da atividade e melhorar os \u00edndices de produtividade.<\/p>\n","protected":false},"excerpt":{"rendered":"<p>T\u00e9cnicos da Confedera\u00e7\u00e3o da Agricultura e Pecu\u00e1ria do Brasil (CNA) e do Centro de Estudos Avan\u00e7ados em Economia Aplicada (Cepea) visitaram na quinta (27) o munic\u00edpio de Reden\u00e7\u00e3o (PA) para levantar os custos de produ\u00e7\u00e3o da bovinocultura de corte da regi\u00e3o. A iniciativa faz parte do Projeto Campo Futuro e reuniu produtores rurais e representantes [&hellip;]<\/p>\n","protected":false},"author":1,"featured_media":0,"comment_status":"open","ping_status":"open","sticky":false,"template":"","format":"standard","meta":{"_et_pb_use_builder":"","_et_pb_old_content":"","_et_gb_content_width":"","footnotes":""},"categories":[1],"tags":[],"class_list":["post-1584","post","type-post","status-publish","format-standard","hentry","category-sem-categoria"],"_links":{"self":[{"href":"https:\/\/sistemafaepa.com.br\/faepa\/wp-json\/wp\/v2\/posts\/1584","targetHints":{"allow":["GET"]}}],"collection":[{"href":"https:\/\/sistemafaepa.com.br\/faepa\/wp-json\/wp\/v2\/posts"}],"about":[{"href":"https:\/\/sistemafaepa.com.br\/faepa\/wp-json\/wp\/v2\/types\/post"}],"author":[{"embeddable":true,"href":"https:\/\/sistemafaepa.com.br\/faepa\/wp-json\/wp\/v2\/users\/1"}],"replies":[{"embeddable":true,"href":"https:\/\/sistemafaepa.com.br\/faepa\/wp-json\/wp\/v2\/comments?post=1584"}],"version-history":[{"count":0,"href":"https:\/\/sistemafaepa.com.br\/faepa\/wp-json\/wp\/v2\/posts\/1584\/revisions"}],"wp:attachment":[{"href":"https:\/\/sistemafaepa.com.br\/faepa\/wp-json\/wp\/v2\/media?parent=1584"}],"wp:term":[{"taxonomy":"category","embeddable":true,"href":"https:\/\/sistemafaepa.com.br\/faepa\/wp-json\/wp\/v2\/categories?post=1584"},{"taxonomy":"post_tag","embeddable":true,"href":"https:\/\/sistemafaepa.com.br\/faepa\/wp-json\/wp\/v2\/tags?post=1584"}],"curies":[{"name":"wp","href":"https:\/\/api.w.org\/{rel}","templated":true}]}}