{"id":1581,"date":"2019-06-26T18:03:41","date_gmt":"2019-06-26T21:03:41","guid":{"rendered":"http:\/\/sistemafaepa.com.br\/faepa\/2019\/06\/26\/faepa-sedia-evento-para-estimular-a-gestao-tecnologica-nos-processos-produtivos\/"},"modified":"2019-06-26T18:03:41","modified_gmt":"2019-06-26T21:03:41","slug":"faepa-sedia-evento-para-estimular-a-gestao-tecnologica-nos-processos-produtivos","status":"publish","type":"post","link":"https:\/\/sistemafaepa.com.br\/faepa\/faepa-sedia-evento-para-estimular-a-gestao-tecnologica-nos-processos-produtivos\/","title":{"rendered":"Faepa sedia evento para estimular a gest\u00e3o tecnol\u00f3gica nos processos produtivos"},"content":{"rendered":"<p>O Programa \u201cAssessores Municipais de Inova\u00e7\u00e3o \u2013 AMI\u201d, da Secretaria de Estado de Ci\u00eancia, Tecnologia e Educa\u00e7\u00e3o Profissional e Tecnol\u00f3gica (Sectet) ser\u00e1 apresentado oficialmente durante o semin\u00e1rio que ocorrer\u00e1 nesta quinta-feira, 27, de 9h \u00e0s 12h, no audit\u00f3rio da Federa\u00e7\u00e3o da Agricultura do Par\u00e1 (Faepa), dentro da programa\u00e7\u00e3o da Semana Estadual de Ci\u00eancia, Tecnologia, Inova\u00e7\u00e3o e Desenvolvimento.<\/p>\n<p>O objetivo principal do programa \u00e9 estimular a gest\u00e3o tecnol\u00f3gica nos processos produtivos em todas as regi\u00f5es de integra\u00e7\u00e3o do estado do Par\u00e1, visando \u00e0 solu\u00e7\u00e3o de entraves que limitam o desenvolvimento e fortalecimento das cadeias produtivas locais.<\/p>\n<p>Para a efetividade do Programa, as assinaturas de termos de parceria s\u00e3o fundamentais. Os principais parceiros envolvidos s\u00e3o: Federa\u00e7\u00e3o da Agricultura e Pecu\u00e1ria do Par\u00e1 (Faepa), Federa\u00e7\u00e3o das Ind\u00fastrias do Estado do Par\u00e1 (Fiepa), Servi\u00e7o Brasileiro de Apoio \u00e0s Micro e Pequenas (Sebrae) no Par\u00e1, Institui\u00e7\u00f5es de Ci\u00eancia e Tecnologia &#8211; ICTs (Rede Namor) e Prefeituras Municipais (por meio da Federa\u00e7\u00e3o das Associa\u00e7\u00f5es de Munic\u00edpios do Par\u00e1 &#8211; Famep).<\/p>\n","protected":false},"excerpt":{"rendered":"<p>O Programa \u201cAssessores Municipais de Inova\u00e7\u00e3o \u2013 AMI\u201d, da Secretaria de Estado de Ci\u00eancia, Tecnologia e Educa\u00e7\u00e3o Profissional e Tecnol\u00f3gica (Sectet) ser\u00e1 apresentado oficialmente durante o semin\u00e1rio que ocorrer\u00e1 nesta quinta-feira, 27, de 9h \u00e0s 12h, no audit\u00f3rio da Federa\u00e7\u00e3o da Agricultura do Par\u00e1 (Faepa), dentro da programa\u00e7\u00e3o da Semana Estadual de Ci\u00eancia, Tecnologia, Inova\u00e7\u00e3o [&hellip;]<\/p>\n","protected":false},"author":1,"featured_media":1582,"comment_status":"open","ping_status":"open","sticky":false,"template":"","format":"standard","meta":{"_et_pb_use_builder":"","_et_pb_old_content":"","_et_gb_content_width":"","footnotes":""},"categories":[1],"tags":[],"class_list":["post-1581","post","type-post","status-publish","format-standard","has-post-thumbnail","hentry","category-sem-categoria"],"_links":{"self":[{"href":"https:\/\/sistemafaepa.com.br\/faepa\/wp-json\/wp\/v2\/posts\/1581","targetHints":{"allow":["GET"]}}],"collection":[{"href":"https:\/\/sistemafaepa.com.br\/faepa\/wp-json\/wp\/v2\/posts"}],"about":[{"href":"https:\/\/sistemafaepa.com.br\/faepa\/wp-json\/wp\/v2\/types\/post"}],"author":[{"embeddable":true,"href":"https:\/\/sistemafaepa.com.br\/faepa\/wp-json\/wp\/v2\/users\/1"}],"replies":[{"embeddable":true,"href":"https:\/\/sistemafaepa.com.br\/faepa\/wp-json\/wp\/v2\/comments?post=1581"}],"version-history":[{"count":0,"href":"https:\/\/sistemafaepa.com.br\/faepa\/wp-json\/wp\/v2\/posts\/1581\/revisions"}],"wp:featuredmedia":[{"embeddable":true,"href":"https:\/\/sistemafaepa.com.br\/faepa\/wp-json\/"}],"wp:attachment":[{"href":"https:\/\/sistemafaepa.com.br\/faepa\/wp-json\/wp\/v2\/media?parent=1581"}],"wp:term":[{"taxonomy":"category","embeddable":true,"href":"https:\/\/sistemafaepa.com.br\/faepa\/wp-json\/wp\/v2\/categories?post=1581"},{"taxonomy":"post_tag","embeddable":true,"href":"https:\/\/sistemafaepa.com.br\/faepa\/wp-json\/wp\/v2\/tags?post=1581"}],"curies":[{"name":"wp","href":"https:\/\/api.w.org\/{rel}","templated":true}]}}