{"id":1577,"date":"2019-06-25T18:05:26","date_gmt":"2019-06-25T21:05:26","guid":{"rendered":"http:\/\/sistemafaepa.com.br\/faepa\/2019\/06\/25\/evento-de-lancamento-do-plano-agricola-e-pecuaria-da-safra-2019-2020-2\/"},"modified":"2019-06-25T18:05:26","modified_gmt":"2019-06-25T21:05:26","slug":"evento-de-lancamento-do-plano-agricola-e-pecuaria-da-safra-2019-2020-2","status":"publish","type":"post","link":"https:\/\/sistemafaepa.com.br\/faepa\/evento-de-lancamento-do-plano-agricola-e-pecuaria-da-safra-2019-2020-2\/","title":{"rendered":"Banco do Brasil lan\u00e7a Plano Safra 2019\/2020 no Par\u00e1"},"content":{"rendered":"<p>Nesta quarta-feira, 26, 8h30, no audit\u00f3rio da Federa\u00e7\u00e3o da Agricultura e Pecu\u00e1ria do Par\u00e1, ser\u00e1 lan\u00e7ado o Plano Safra 2019\/2020.<\/p>\n<p>Ao evento estar\u00e1 presente o superintendente estadual do Banco do Brasil, Gustavo Henriques da Rosa, que anunciar\u00e1 recursos para o financiamento da safra 2019\/2020.<\/p>\n<p>Al\u00e9m disso, ele apresentar\u00e1 solu\u00e7\u00f5es de que disp\u00f5e o BB para o agroneg\u00f3cio.<\/p>\n","protected":false},"excerpt":{"rendered":"<p>Nesta quarta-feira, 26, 8h30, no audit\u00f3rio da Federa\u00e7\u00e3o da Agricultura e Pecu\u00e1ria do Par\u00e1, ser\u00e1 lan\u00e7ado o Plano Safra 2019\/2020. Ao evento estar\u00e1 presente o superintendente estadual do Banco do Brasil, Gustavo Henriques da Rosa, que anunciar\u00e1 recursos para o financiamento da safra 2019\/2020. Al\u00e9m disso, ele apresentar\u00e1 solu\u00e7\u00f5es de que disp\u00f5e o BB para [&hellip;]<\/p>\n","protected":false},"author":1,"featured_media":1574,"comment_status":"open","ping_status":"open","sticky":false,"template":"","format":"standard","meta":{"_et_pb_use_builder":"","_et_pb_old_content":"","_et_gb_content_width":"","footnotes":""},"categories":[1],"tags":[],"class_list":["post-1577","post","type-post","status-publish","format-standard","has-post-thumbnail","hentry","category-sem-categoria"],"_links":{"self":[{"href":"https:\/\/sistemafaepa.com.br\/faepa\/wp-json\/wp\/v2\/posts\/1577","targetHints":{"allow":["GET"]}}],"collection":[{"href":"https:\/\/sistemafaepa.com.br\/faepa\/wp-json\/wp\/v2\/posts"}],"about":[{"href":"https:\/\/sistemafaepa.com.br\/faepa\/wp-json\/wp\/v2\/types\/post"}],"author":[{"embeddable":true,"href":"https:\/\/sistemafaepa.com.br\/faepa\/wp-json\/wp\/v2\/users\/1"}],"replies":[{"embeddable":true,"href":"https:\/\/sistemafaepa.com.br\/faepa\/wp-json\/wp\/v2\/comments?post=1577"}],"version-history":[{"count":0,"href":"https:\/\/sistemafaepa.com.br\/faepa\/wp-json\/wp\/v2\/posts\/1577\/revisions"}],"wp:featuredmedia":[{"embeddable":true,"href":"https:\/\/sistemafaepa.com.br\/faepa\/wp-json\/"}],"wp:attachment":[{"href":"https:\/\/sistemafaepa.com.br\/faepa\/wp-json\/wp\/v2\/media?parent=1577"}],"wp:term":[{"taxonomy":"category","embeddable":true,"href":"https:\/\/sistemafaepa.com.br\/faepa\/wp-json\/wp\/v2\/categories?post=1577"},{"taxonomy":"post_tag","embeddable":true,"href":"https:\/\/sistemafaepa.com.br\/faepa\/wp-json\/wp\/v2\/tags?post=1577"}],"curies":[{"name":"wp","href":"https:\/\/api.w.org\/{rel}","templated":true}]}}