{"id":1575,"date":"2019-06-25T16:42:10","date_gmt":"2019-06-25T19:42:10","guid":{"rendered":"http:\/\/sistemafaepa.com.br\/faepa\/2019\/06\/25\/sindicato-rural-de-maraba-recebe-i-forum-do-plano-estrategico-do-programa-nacional-de-erradicacao-da-febre-aftosa-no-estado-do-para\/"},"modified":"2019-06-25T16:42:10","modified_gmt":"2019-06-25T19:42:10","slug":"sindicato-rural-de-maraba-recebe-i-forum-do-plano-estrategico-do-programa-nacional-de-erradicacao-da-febre-aftosa-no-estado-do-para","status":"publish","type":"post","link":"https:\/\/sistemafaepa.com.br\/faepa\/sindicato-rural-de-maraba-recebe-i-forum-do-plano-estrategico-do-programa-nacional-de-erradicacao-da-febre-aftosa-no-estado-do-para\/","title":{"rendered":"Sindicato Rural de Marab\u00e1 recebe I F\u00f3rum do Plano Estrat\u00e9gico do Programa Nacional de Erradica\u00e7\u00e3o da Febre Aftosa no estado do Par\u00e1"},"content":{"rendered":"<p>Foi realizado nesta ter\u00e7a-feira, 25, no Sindicato Rural de Marab\u00e1, o I F\u00f3rum Paraense de Discuss\u00e3o do Plano Estrat\u00e9gico da Febre Aftosa 2017-2026. O objetivo do evento, realizado pela Ag\u00eancia de Defesa Agropecu\u00e1ria do Par\u00e1 \u2013 Adepar\u00e1, foi a ampla divulga\u00e7\u00e3o do Plano Estrat\u00e9gico do PNEFA para 2017-2026.<\/p>\n<p>Durante o evento foi apresentado o plano estrat\u00e9gico paraense para a transi\u00e7\u00e3o do status sanit\u00e1rio de zona livre da febre aftosa com vacina\u00e7\u00e3o para zona livre sem vacina\u00e7\u00e3o, contendo o hist\u00f3rico das a\u00e7\u00f5es de combate \u00e0 doen\u00e7a no Estado e perspectivas futuras para se manter zona livre. O Par\u00e1 pertence ao segundo dos cinco blocos em que o pa\u00eds foi dividido para conduzir o processo de transi\u00e7\u00e3o, junto com Amazonas, Amap\u00e1 e Roraima.<\/p>\n<p>A programa\u00e7\u00e3o, que se estendeu pela manh\u00e3, contou ainda com apresenta\u00e7\u00f5es das A\u00e7\u00f5es da Equipe Gestora do Estado do Par\u00e1; A\u00e7\u00f5es estrat\u00e9gicas e estudos das Divisas do Estado do Par\u00e1 com o Estado do Mato Grosso e Tocantins; Mesa Redonda sobre as vis\u00f5es e perspectivas dos setores produtivos (produtores rurais, ind\u00fastria da carne e sindicatos).<\/p>\n<p>Para o gerente do Programa Estadual de Erradica\u00e7\u00e3o da Febre Aftosa, da Adepar\u00e1, George Santos, a participa\u00e7\u00e3o dos produtores rurais foi considerada de fundamental import\u00e2ncia. \u201cDiscutimos as a\u00e7\u00f5es e metas do plano estrat\u00e9gico, bem como os deveres e participa\u00e7\u00e3o de cada integrante da cadeia produtiva, setor p\u00fablico, privado e entidades da classe, para que o estado do Par\u00e1, que det\u00e9m o 4\u00b0 maior rebanho bovino e o 1\u00b0 rebanho bubalino do Brasil, possa fortalecer as medidas de preven\u00e7\u00e3o e vigil\u00e2ncia contra febre aftosa\u201d, esclareceu. \u201cVamos avan\u00e7ar como zona livre de febre aftosa sem vacina\u00e7\u00e3o contribuindo assim com a sanidade dos rebanhos e conquistando novos mercados, aumentando a economia agropecu\u00e1ria do estado do Par\u00e1\u201d, finalizou.<\/p>\n","protected":false},"excerpt":{"rendered":"<p>Foi realizado nesta ter\u00e7a-feira, 25, no Sindicato Rural de Marab\u00e1, o I F\u00f3rum Paraense de Discuss\u00e3o do Plano Estrat\u00e9gico da Febre Aftosa 2017-2026. O objetivo do evento, realizado pela Ag\u00eancia de Defesa Agropecu\u00e1ria do Par\u00e1 \u2013 Adepar\u00e1, foi a ampla divulga\u00e7\u00e3o do Plano Estrat\u00e9gico do PNEFA para 2017-2026. Durante o evento foi apresentado o plano [&hellip;]<\/p>\n","protected":false},"author":1,"featured_media":1576,"comment_status":"open","ping_status":"open","sticky":false,"template":"","format":"standard","meta":{"_et_pb_use_builder":"","_et_pb_old_content":"","_et_gb_content_width":"","footnotes":""},"categories":[1],"tags":[],"class_list":["post-1575","post","type-post","status-publish","format-standard","has-post-thumbnail","hentry","category-sem-categoria"],"_links":{"self":[{"href":"https:\/\/sistemafaepa.com.br\/faepa\/wp-json\/wp\/v2\/posts\/1575","targetHints":{"allow":["GET"]}}],"collection":[{"href":"https:\/\/sistemafaepa.com.br\/faepa\/wp-json\/wp\/v2\/posts"}],"about":[{"href":"https:\/\/sistemafaepa.com.br\/faepa\/wp-json\/wp\/v2\/types\/post"}],"author":[{"embeddable":true,"href":"https:\/\/sistemafaepa.com.br\/faepa\/wp-json\/wp\/v2\/users\/1"}],"replies":[{"embeddable":true,"href":"https:\/\/sistemafaepa.com.br\/faepa\/wp-json\/wp\/v2\/comments?post=1575"}],"version-history":[{"count":0,"href":"https:\/\/sistemafaepa.com.br\/faepa\/wp-json\/wp\/v2\/posts\/1575\/revisions"}],"wp:featuredmedia":[{"embeddable":true,"href":"https:\/\/sistemafaepa.com.br\/faepa\/wp-json\/"}],"wp:attachment":[{"href":"https:\/\/sistemafaepa.com.br\/faepa\/wp-json\/wp\/v2\/media?parent=1575"}],"wp:term":[{"taxonomy":"category","embeddable":true,"href":"https:\/\/sistemafaepa.com.br\/faepa\/wp-json\/wp\/v2\/categories?post=1575"},{"taxonomy":"post_tag","embeddable":true,"href":"https:\/\/sistemafaepa.com.br\/faepa\/wp-json\/wp\/v2\/tags?post=1575"}],"curies":[{"name":"wp","href":"https:\/\/api.w.org\/{rel}","templated":true}]}}