{"id":1572,"date":"2019-06-19T15:54:35","date_gmt":"2019-06-19T18:54:35","guid":{"rendered":"http:\/\/sistemafaepa.com.br\/faepa\/2019\/06\/19\/faculdade-cna-atrai-pessoas-interessadas-em-seguir-carreira-no-agro\/"},"modified":"2019-06-19T15:54:35","modified_gmt":"2019-06-19T18:54:35","slug":"faculdade-cna-atrai-pessoas-interessadas-em-seguir-carreira-no-agro","status":"publish","type":"post","link":"https:\/\/sistemafaepa.com.br\/faepa\/faculdade-cna-atrai-pessoas-interessadas-em-seguir-carreira-no-agro\/","title":{"rendered":"Faculdade CNA atrai pessoas interessadas em seguir carreira no agro"},"content":{"rendered":"<p>A possibilidade de aliar tecnologia e agropecu\u00e1ria foram determinantes para a paraense Rosilene Oliveira escolher o curso superior a dist\u00e2ncia em Gest\u00e3o do Agroneg\u00f3cio da Faculdade CNA. A institui\u00e7\u00e3o \u00e9 ligada \u00e0 Confedera\u00e7\u00e3o da Agricultura e Pecu\u00e1ria do Brasil, que representa os produtores rurais brasileiros.<\/p>\n<p>\u201cO curso est\u00e1 me ajudando nos processos de log\u00edstica e produ\u00e7\u00e3o da empresa em que trabalho. Al\u00e9m disso, tenho a oportunidade de integrar duas paix\u00f5es: a agricultura e a tecnologia. Tenho estudado muito sobre isso, a faculdade est\u00e1 superando as minhas expectativas\u201d, declarou Rosilene.<\/p>\n<p>Na opini\u00e3o de Rosilene, a gradua\u00e7\u00e3o a dist\u00e2ncia \u00e9 uma excelente oportunidade para conciliar a rotina \u00e0s atividades da faculdade. \u201cA plataforma de aprendizagem \u00e9 bastante vers\u00e1til e intuitiva. Isso ajuda, inclusive, na intera\u00e7\u00e3o com os colegas de outros polos. Temos a oportunidade de trocar informa\u00e7\u00f5es sobre as particularidades da agropecu\u00e1ria nas outras regi\u00f5es\u201d, observou.<\/p>\n<p>O gestor do agroneg\u00f3cio \u00e9 o profissional com a responsabilidade de contribuir para o aumento da efici\u00eancia produtiva e sustent\u00e1vel das cadeias produtivas do agroneg\u00f3cio, por meio da aplica\u00e7\u00e3o de t\u00e9cnicas de gest\u00e3o, comercializa\u00e7\u00e3o e de incorpora\u00e7\u00e3o de novas tecnologias.<\/p>\n<p>As principais oportunidades dessa \u00e1rea nas ind\u00fastrias est\u00e3o nas empresas produtoras de alimentos ou aquelas que trabalham diretamente comercializando produtos e servi\u00e7os agr\u00edcolas, como aduba\u00e7\u00e3o, irriga\u00e7\u00e3o, drenagem entre outras.<\/p>\n<p><strong>Inscri\u00e7\u00f5es abertas &#8211;<\/strong> A Faculdade CNA est\u00e1 com inscri\u00e7\u00f5es abertas para o processo seletivo no in\u00edcio no segundo semestre para os cursos de <strong>Gest\u00e3o do Agroneg\u00f3cio, Gest\u00e3o Ambiental, Gest\u00e3o de Recursos Humanos <\/strong>e<strong> Processos Gerenciais da Faculdade CNA. <\/strong>Ao todo, s\u00e3o nove polos distribu\u00eddos no Brasil, sendo um deles em Santa Izabel do Par\u00e1 (PA). Para obter mais informa\u00e7\u00f5es sobre a faculdade CNA e realizar a inscri\u00e7\u00e3o, acesse: <strong>http:\/\/faculdade.cnabrasil.org.br\/<\/strong><\/p>\n","protected":false},"excerpt":{"rendered":"<p>A possibilidade de aliar tecnologia e agropecu\u00e1ria foram determinantes para a paraense Rosilene Oliveira escolher o curso superior a dist\u00e2ncia em Gest\u00e3o do Agroneg\u00f3cio da Faculdade CNA. A institui\u00e7\u00e3o \u00e9 ligada \u00e0 Confedera\u00e7\u00e3o da Agricultura e Pecu\u00e1ria do Brasil, que representa os produtores rurais brasileiros. \u201cO curso est\u00e1 me ajudando nos processos de log\u00edstica e [&hellip;]<\/p>\n","protected":false},"author":1,"featured_media":1456,"comment_status":"open","ping_status":"open","sticky":false,"template":"","format":"standard","meta":{"_et_pb_use_builder":"","_et_pb_old_content":"","_et_gb_content_width":"","footnotes":""},"categories":[1],"tags":[],"class_list":["post-1572","post","type-post","status-publish","format-standard","has-post-thumbnail","hentry","category-sem-categoria"],"_links":{"self":[{"href":"https:\/\/sistemafaepa.com.br\/faepa\/wp-json\/wp\/v2\/posts\/1572","targetHints":{"allow":["GET"]}}],"collection":[{"href":"https:\/\/sistemafaepa.com.br\/faepa\/wp-json\/wp\/v2\/posts"}],"about":[{"href":"https:\/\/sistemafaepa.com.br\/faepa\/wp-json\/wp\/v2\/types\/post"}],"author":[{"embeddable":true,"href":"https:\/\/sistemafaepa.com.br\/faepa\/wp-json\/wp\/v2\/users\/1"}],"replies":[{"embeddable":true,"href":"https:\/\/sistemafaepa.com.br\/faepa\/wp-json\/wp\/v2\/comments?post=1572"}],"version-history":[{"count":0,"href":"https:\/\/sistemafaepa.com.br\/faepa\/wp-json\/wp\/v2\/posts\/1572\/revisions"}],"wp:featuredmedia":[{"embeddable":true,"href":"https:\/\/sistemafaepa.com.br\/faepa\/wp-json\/"}],"wp:attachment":[{"href":"https:\/\/sistemafaepa.com.br\/faepa\/wp-json\/wp\/v2\/media?parent=1572"}],"wp:term":[{"taxonomy":"category","embeddable":true,"href":"https:\/\/sistemafaepa.com.br\/faepa\/wp-json\/wp\/v2\/categories?post=1572"},{"taxonomy":"post_tag","embeddable":true,"href":"https:\/\/sistemafaepa.com.br\/faepa\/wp-json\/wp\/v2\/tags?post=1572"}],"curies":[{"name":"wp","href":"https:\/\/api.w.org\/{rel}","templated":true}]}}