{"id":1569,"date":"2019-06-19T15:10:20","date_gmt":"2019-06-19T18:10:20","guid":{"rendered":"http:\/\/sistemafaepa.com.br\/faepa\/2019\/06\/19\/cadeia-produtiva-do-mel-e-debatida-em-reuniao-no-sistema-faepa-senar-2\/"},"modified":"2019-06-19T15:10:20","modified_gmt":"2019-06-19T18:10:20","slug":"cadeia-produtiva-do-mel-e-debatida-em-reuniao-no-sistema-faepa-senar-2","status":"publish","type":"post","link":"https:\/\/sistemafaepa.com.br\/faepa\/cadeia-produtiva-do-mel-e-debatida-em-reuniao-no-sistema-faepa-senar-2\/","title":{"rendered":"Cadeia produtiva do mel \u00e9 debatida em reuni\u00e3o no Sistema Faepa\/Senar"},"content":{"rendered":"<p>Em reuni\u00e3o do Grupo de Trabalho de Desenvolvimento da Cadeia produtiva do Mel, realizada nesta quarta-feira, 19\/6, na sede do Sistema Faepa\/Senar, o gerente regional da ATeG do Senar Par\u00e1, D\u00e1cio Carvalho, apresentou ao novo superintendente federal do Mapa, Luiz Pinto de Oliveira, o projeto de Assist\u00eancia T\u00e9cnica e Gerencial da Cadeia do Mel.<\/p>\n<p><img loading=\"lazy\" decoding=\"async\" class=\"alignnone size-medium wp-image-1563\" src=\"https:\/\/sistemafaepa.com.br\/faepa\/wp-content\/uploads\/sites\/5\/2019\/06\/11e6e07b-44fa-41e2-9bc0-86cf438e00dc-300x225.jpg\" alt=\"\" width=\"300\" height=\"225\" \/><\/p>\n<p>Tamb\u00e9m participaram da reuni\u00e3o o presidente da Faepa, Carlos Xavier, o superintendente do Senar, Walter Cardoso, o titular da Sedap, Hugo Suenaga, o presidente da Confedera\u00e7\u00e3o Brasileira de Apicultura e presidente da C\u00e2mara Setorial do Mel do Mapa, Jos\u00e9 Soares de Arag\u00e3o Brito, al\u00e9m de produtores rurais e convidados do setor produtivo.<\/p>\n<p><img loading=\"lazy\" decoding=\"async\" class=\"alignnone size-medium wp-image-1565\" src=\"https:\/\/sistemafaepa.com.br\/faepa\/wp-content\/uploads\/sites\/5\/2019\/06\/12d3ccbb-92dc-4d89-83d0-98198ac68a39-300x225.jpg\" alt=\"\" width=\"300\" height=\"225\" \/><\/p>\n<p>A inten\u00e7\u00e3o do Sistema Faepa\/ Senar, juntamente com os parceiros do setor, \u00e9 n\u00e3o medir esfor\u00e7os para viabilizar a execu\u00e7\u00e3o do projeto, que em 2017 foi pr\u00e9-aprovado pelo Mapa.<\/p>\n<p>\u201cAcreditamos no potencial ap\u00edcola da regi\u00e3o e no seu poder significativo para fortalecer a cadeia produtiva do mel no estado do Par\u00e1\u201d, disse o presidente.<\/p>\n","protected":false},"excerpt":{"rendered":"<p>Em reuni\u00e3o do Grupo de Trabalho de Desenvolvimento da Cadeia produtiva do Mel, realizada nesta quarta-feira, 19\/6, na sede do Sistema Faepa\/Senar, o gerente regional da ATeG do Senar Par\u00e1, D\u00e1cio Carvalho, apresentou ao novo superintendente federal do Mapa, Luiz Pinto de Oliveira, o projeto de Assist\u00eancia T\u00e9cnica e Gerencial da Cadeia do Mel. Tamb\u00e9m [&hellip;]<\/p>\n","protected":false},"author":1,"featured_media":1567,"comment_status":"open","ping_status":"open","sticky":false,"template":"","format":"standard","meta":{"_et_pb_use_builder":"","_et_pb_old_content":"","_et_gb_content_width":"","footnotes":""},"categories":[1],"tags":[],"class_list":["post-1569","post","type-post","status-publish","format-standard","has-post-thumbnail","hentry","category-sem-categoria"],"_links":{"self":[{"href":"https:\/\/sistemafaepa.com.br\/faepa\/wp-json\/wp\/v2\/posts\/1569","targetHints":{"allow":["GET"]}}],"collection":[{"href":"https:\/\/sistemafaepa.com.br\/faepa\/wp-json\/wp\/v2\/posts"}],"about":[{"href":"https:\/\/sistemafaepa.com.br\/faepa\/wp-json\/wp\/v2\/types\/post"}],"author":[{"embeddable":true,"href":"https:\/\/sistemafaepa.com.br\/faepa\/wp-json\/wp\/v2\/users\/1"}],"replies":[{"embeddable":true,"href":"https:\/\/sistemafaepa.com.br\/faepa\/wp-json\/wp\/v2\/comments?post=1569"}],"version-history":[{"count":0,"href":"https:\/\/sistemafaepa.com.br\/faepa\/wp-json\/wp\/v2\/posts\/1569\/revisions"}],"wp:featuredmedia":[{"embeddable":true,"href":"https:\/\/sistemafaepa.com.br\/faepa\/wp-json\/"}],"wp:attachment":[{"href":"https:\/\/sistemafaepa.com.br\/faepa\/wp-json\/wp\/v2\/media?parent=1569"}],"wp:term":[{"taxonomy":"category","embeddable":true,"href":"https:\/\/sistemafaepa.com.br\/faepa\/wp-json\/wp\/v2\/categories?post=1569"},{"taxonomy":"post_tag","embeddable":true,"href":"https:\/\/sistemafaepa.com.br\/faepa\/wp-json\/wp\/v2\/tags?post=1569"}],"curies":[{"name":"wp","href":"https:\/\/api.w.org\/{rel}","templated":true}]}}