{"id":1557,"date":"2019-06-18T17:17:47","date_gmt":"2019-06-18T20:17:47","guid":{"rendered":"http:\/\/sistemafaepa.com.br\/faepa\/2019\/06\/18\/serie-de-reportagens-destaca-o-agronegocio-paraense-2\/"},"modified":"2019-06-18T17:17:47","modified_gmt":"2019-06-18T20:17:47","slug":"serie-de-reportagens-destaca-o-agronegocio-paraense-2","status":"publish","type":"post","link":"https:\/\/sistemafaepa.com.br\/faepa\/serie-de-reportagens-destaca-o-agronegocio-paraense-2\/","title":{"rendered":"S\u00e9rie de reportagens destaca o agroneg\u00f3cio paraense"},"content":{"rendered":"<p>O Servi\u00e7o Nacional de Aprendizagem Rural \u2013 SENAR Par\u00e1 veiculou uma s\u00e9rie de reportagens denominada &#8220;O Par\u00e1 \u00e9 Agro&#8221;, com 24 epis\u00f3dios que destacam o potencial das principais cadeias produtivas do agroneg\u00f3cio paraense, bem como, os munic\u00edpios que mais se destacam na atividade agropecu\u00e1ria.<\/p>\n<p>Desenvolvido em parceria com Governo do Estado do Par\u00e1, atrav\u00e9s da Secretaria de Desenvolvimento Agropecu\u00e1rio e da Pesca (Sedap), e a Assembleia Legislativa do Estado do Par\u00e1 (Alepa), o conte\u00fado especial e exclusivo visa levar informa\u00e7\u00e3o, conhecimento, al\u00e9m de apresentar conte\u00fado de assist\u00eancia t\u00e9cnica e gerencial, qualifica\u00e7\u00e3o profissional e de gest\u00e3o aos produtores rurais de todo o Par\u00e1, divulgando, sobretudo a for\u00e7a do agro para toda a sociedade.<\/p>\n<p>Cada epis\u00f3dio possui 20 minutos e conta a hist\u00f3ria de uma cadeia produtiva, promovendo a integra\u00e7\u00e3o entre o campo e o telespectador. A iniciativa permite ainda mostrar a rotina dos produtores rurais, e as contribui\u00e7\u00f5es do setor para impulsionar a economia regional.<\/p>\n<p>\u201cCom o projeto levamos informa\u00e7\u00e3o, conte\u00fado, servi\u00e7os e entretenimento para milh\u00f5es de produtores rurais e toda a sociedade. Chegou a vez de ampliar nossa comunica\u00e7\u00e3o e nos aproximarmos da comunidade urbana, que possui grande afinidade com as quest\u00f5es do campo\u201d, enfatiza o superintendente do Senar, Walter Cardoso.<\/p>\n<p>O projeto &#8220;O Par\u00e1 \u00e9 Agro\u201d contou com o trabalho de uma equipe formada por t\u00e9cnicos, editor de imagens, jornalistas, produtores e apresentador. Os v\u00eddeos abordam 30 temas, como: Agroind\u00fastria, Pecu\u00e1ria de Corte, Avicultura, Banana, Cana de A\u00e7\u00facar, Castanha do Par\u00e1, Farinh, Florestas Plantadas, Horticultura, Pimenta do reino, Ra\u00e7\u00e3o Animal, Soja, Abacaxi, A\u00e7a\u00ed, Arroz, Cacau, Laranja, Madeira, Ostreicultura, Pesca, Chocolate, Coco, Feij\u00e3o caupi, Mel de abelhas, Mel derivados, Milho, \u00d3leo de Palma, Citricultura, Pecu\u00e1ria Bubalina, Produ\u00e7\u00e3o de Leite.<\/p>\n<p><a href=\"https:\/\/www.youtube.com\/channel\/UCxoeK6XPrNxbyudOwHms45A\/videos\"><strong>Clique aqui e confira os v\u00eddeos<\/strong><\/a><\/p>\n","protected":false},"excerpt":{"rendered":"<p>O Servi\u00e7o Nacional de Aprendizagem Rural \u2013 SENAR Par\u00e1 veiculou uma s\u00e9rie de reportagens denominada &#8220;O Par\u00e1 \u00e9 Agro&#8221;, com 24 epis\u00f3dios que destacam o potencial das principais cadeias produtivas do agroneg\u00f3cio paraense, bem como, os munic\u00edpios que mais se destacam na atividade agropecu\u00e1ria. Desenvolvido em parceria com Governo do Estado do Par\u00e1, atrav\u00e9s da [&hellip;]<\/p>\n","protected":false},"author":1,"featured_media":1558,"comment_status":"open","ping_status":"open","sticky":false,"template":"","format":"standard","meta":{"_et_pb_use_builder":"","_et_pb_old_content":"","_et_gb_content_width":"","footnotes":""},"categories":[1],"tags":[],"class_list":["post-1557","post","type-post","status-publish","format-standard","has-post-thumbnail","hentry","category-sem-categoria"],"_links":{"self":[{"href":"https:\/\/sistemafaepa.com.br\/faepa\/wp-json\/wp\/v2\/posts\/1557","targetHints":{"allow":["GET"]}}],"collection":[{"href":"https:\/\/sistemafaepa.com.br\/faepa\/wp-json\/wp\/v2\/posts"}],"about":[{"href":"https:\/\/sistemafaepa.com.br\/faepa\/wp-json\/wp\/v2\/types\/post"}],"author":[{"embeddable":true,"href":"https:\/\/sistemafaepa.com.br\/faepa\/wp-json\/wp\/v2\/users\/1"}],"replies":[{"embeddable":true,"href":"https:\/\/sistemafaepa.com.br\/faepa\/wp-json\/wp\/v2\/comments?post=1557"}],"version-history":[{"count":0,"href":"https:\/\/sistemafaepa.com.br\/faepa\/wp-json\/wp\/v2\/posts\/1557\/revisions"}],"wp:featuredmedia":[{"embeddable":true,"href":"https:\/\/sistemafaepa.com.br\/faepa\/wp-json\/"}],"wp:attachment":[{"href":"https:\/\/sistemafaepa.com.br\/faepa\/wp-json\/wp\/v2\/media?parent=1557"}],"wp:term":[{"taxonomy":"category","embeddable":true,"href":"https:\/\/sistemafaepa.com.br\/faepa\/wp-json\/wp\/v2\/categories?post=1557"},{"taxonomy":"post_tag","embeddable":true,"href":"https:\/\/sistemafaepa.com.br\/faepa\/wp-json\/wp\/v2\/tags?post=1557"}],"curies":[{"name":"wp","href":"https:\/\/api.w.org\/{rel}","templated":true}]}}