{"id":1552,"date":"2019-06-13T18:48:03","date_gmt":"2019-06-13T21:48:03","guid":{"rendered":"http:\/\/sistemafaepa.com.br\/faepa\/2019\/06\/13\/51o-encontro-ruralista-reforca-seu-nome-na-historia-do-agronegocio\/"},"modified":"2019-06-13T18:48:03","modified_gmt":"2019-06-13T21:48:03","slug":"51o-encontro-ruralista-reforca-seu-nome-na-historia-do-agronegocio","status":"publish","type":"post","link":"https:\/\/sistemafaepa.com.br\/faepa\/51o-encontro-ruralista-reforca-seu-nome-na-historia-do-agronegocio\/","title":{"rendered":"51\u00ba Encontro Ruralista refor\u00e7a seu nome na hist\u00f3ria do agroneg\u00f3cio"},"content":{"rendered":"<p><em>Encontro de gestores sindicais rurais debateu formas de repensar o agro no cen\u00e1rio marcado pelo seu crescimento e potencial produtivo<\/em><\/p>\n<p>Evento realizado nos \u00faltimos dias 11 e 12\/6 reuniu 300 participantes entre presidentes de sindicatos rurais, coordenadores de n\u00facleos regionais, assessores t\u00e9cnicos, lideran\u00e7as pol\u00edticas, setoriais, empres\u00e1rios e agentes p\u00fablicos de todos os elos produtivos do agroneg\u00f3cio<\/p>\n<p>\u201cMaior responsabilidade. Repensar o Agro\u201d. Esse \u00e9 o tema que reuniu 300 participantes no quinquag\u00e9sima primeira edi\u00e7\u00e3o do Encontro Ruralista promovido pelo Sistema Faepa\/ Senar\/ Sindicatos com apoio da CNA, que encerrou ontem, na sede do Pal\u00e1cio da Agricultura, em Bel\u00e9m.<\/p>\n<p>Na manh\u00e3 do primeiro dia de evento, o debate principal girou em torno do papel do sindicato rural para fortalecer o produtor rural e, consequentemente, a principal atividade econ\u00f4mica do estado do Par\u00e1 e do Brasil: o agroneg\u00f3cio. \u201cO agroneg\u00f3cio do presente e do futuro est\u00e1 baseado em pessoas. Com a representatividade do setor no pa\u00eds, este evento em muito nos orgulha. Com apresenta\u00e7\u00e3o de temas relevantes para informar e gerar conhecimento \u00e0s lideran\u00e7as sindicais, sabemos da singularidade deste Encontro\u201d, afirmou Carlos Xavier, presidente da Federa\u00e7\u00e3o da Agricultura e Pecu\u00e1ria do Par\u00e1 \u2013 FAEPA.<\/p>\n<p>O consultor de empresas, Mauro Faria Peres, fez uma palestra motivacional e conduziu uma programa\u00e7\u00e3o envolvendo din\u00e2micas e apresenta\u00e7\u00f5es provocando nos participantes o desafio de uma gest\u00e3o cada vez mais forte, atuante e participativa, em busca de melhores resultados. \u201cAs pessoas com prop\u00f3sitos s\u00e3o mais engajadas e os presidentes de sindicatos precisam entender sua miss\u00e3o e valor e atuar em busca de um sindicalismo de resultados, que escute o produtor rural na sua regi\u00e3o, preste cada vez mais servi\u00e7os, agregue valor e conecte as pessoas com objetivo comum: unir e colaborar para valorizar e expandir o segmento em que atuam\u201d, disse.<\/p>\n<p>A quest\u00e3o do Sistema de Gest\u00e3o Sindical &#8211; SG-Sind, uma plataforma operacional on line elaborada para auxiliar Sindicatos rurais, Federa\u00e7\u00f5es e a pr\u00f3pria CNA na organiza\u00e7\u00e3o de suas atividades di\u00e1rias, foi detalhada na palestra do o assessor t\u00e9cnico do Departamento Sindical da CNA, Ademar Fernandes dos Anjos, que pontuou tamb\u00e9m sobre a Contribui\u00e7\u00e3o Sindical Rural e o Bem+Agro.<\/p>\n<p>\u201cO programa funciona com agros \u2013 moeda virtual criada para o sistema e que pode ser trocada por ofertas e outros benef\u00edcios. Para ganhar agros, o produtor precisa ter alguns comportamentos como se inscrever e concluir cursos do Servi\u00e7o Nacional de Aprendizagem Rural (Senar); participar de eventos; navegar, interagir e ler conte\u00fados publicados pela CNA, federa\u00e7\u00f5es estaduais da agricultura e pecu\u00e1ria, e sindicatos rurais\u201d, disse Ademar. \u201cNo computador ou celular, o produtor acessa o extrato de agros acumulados, confere as ofertas \u2013 nacionais ou segmentadas por regi\u00e3o \u2013 e troca moedas virtuais por benef\u00edcios, como condi\u00e7\u00f5es especiais em empresas parceiras, a exemplo de descontos em planos de sa\u00fade, servi\u00e7os laboratoriais, passagens a\u00e9reas, pneus e servi\u00e7os relacionados, cursos de gradua\u00e7\u00e3o e livros, al\u00e9m de acesso VIP a eventos do agroneg\u00f3cio, entre outros\u201d, destacou.<\/p>\n<p>Em seguida, o advogado e especialista em Direito Agr\u00e1rio e Ambiental, Chistian Bomm, abordou o tema regulariza\u00e7\u00e3o fundi\u00e1ria e explicou que com a nova lei de terras, o Governo do Estado est\u00e1 propondo que todos os propriet\u00e1rios rurais que n\u00e3o possu\u00edrem seguran\u00e7a nos seus t\u00edtulos de terras, podem fazer uma nova compra da \u00e1rea sob um regime especial.<\/p>\n<p>\u201cNesse caso, o propriet\u00e1rio n\u00e3o participar\u00e1 de licita\u00e7\u00e3o e com isso receber\u00e1 um novo t\u00edtulo, com nova matricula e assim garantir\u00e1 a certeza de que \u00e9 propriet\u00e1rio da terra adquirida. Assim ter\u00e1 acesso a cr\u00e9dito, a produtividade, a legaliza\u00e7\u00e3o da \u00e1rea com georeferenciamento, a licen\u00e7a ambiental rural e, se necess\u00e1rio, recuperar a \u00e1rea. Isso vai gerar seguran\u00e7a no aproveitamento econ\u00f4mico dos recursos naturais no futuro. Essa nova legisla\u00e7\u00e3o vem para resolver o problema fundi\u00e1rio do Estado\u201d, explicou.<\/p>\n<p>A presidente do Sindicato de Produtores Rurais de Primavera &#8211; PA, T\u00e2nia Regina Dussouchit, disse que a palestra foi importante porque \u00e9 de amplo interesse dos produtores rurais a quest\u00e3o fundi\u00e1ria e que \u201co contato com o tema foi esclarecedor e considero que temos que nos aprofundar sobre o assunto para obter solu\u00e7\u00f5es mais para a quest\u00e3o fundi\u00e1ria do Estado\u201d, enfatizou.<\/p>\n<p>As metodologias de avalia\u00e7\u00e3o de terras desmatadas e que geram embargos de propriedade foi um dos temas destacados nas apresenta\u00e7\u00f5es do advogado, Fl\u00e1vio Mansos, e da engenheira florestal, Renata Matos.<\/p>\n<p>De acordo com a engenheira florestal, o tema \u00e9 importante para que os propriet\u00e1rios de terras saibam como \u00e9 feito o monitoramento e de que maneira os dados s\u00e3o avaliados para gerar os embargos de terras. \u201cOs embargos impedem o uso econ\u00f4mico da propriedade. Por isso, a import\u00e2ncia da regulariza\u00e7\u00e3o da \u00e1rea dentro do im\u00f3vel. O desmatamento s\u00f3 pode ocorrer com a autoriza\u00e7\u00e3o dos \u00f3rg\u00e3os ambientais\u201d, explicou.<\/p>\n<p>Aos produtores rurais, o advogado, Fl\u00e1vio Mansos, explicou sobre a Revis\u00e3o de Termo de Ajuste de Conduta (TAC), regulariza\u00e7\u00e3o ambiental e simplifica\u00e7\u00e3o do licenciamento e desburocratiza\u00e7\u00e3o.<\/p>\n<p>A presidente do Sindicato dos Produtores Rurais de Magalh\u00e3es Barata \u2013PA, Maria Monteiro, destacou que a palestra foi esclarecedora, pois alguns produtores n\u00e3o sabem, especificamente, at\u00e9 que ponto podem desmatar a \u00e1rea rural. \u201cN\u00e3o saber essa informa\u00e7\u00e3o pode gerar os embargos, e para os produtores \u00e9 importante produzir, sobretudo, em \u00e1reas j\u00e1 desmatadas, preservando o meio ambiente\u201d, explicou.<\/p>\n<p>Agregar valor a produ\u00e7\u00e3o do cacau e incentivar o produtor rural a comercializar chocolate s\u00e3o alguns dos objetivos do projeto Escola-Ind\u00fastria apresentado pelo assessor t\u00e9cnico Lu\u00eds Pinto de Oliveira. Desenvolvido pelo Sistema Faepa\/Senar em parceria com o Governo do Estado, atrav\u00e9s do Fundo de Desenvolvimento da Cacauicultura do Par\u00e1 (Funcacau), o projeto prev\u00ea a capacita\u00e7\u00e3o de produtores rurais visando proporcionar independ\u00eancia na produ\u00e7\u00e3o e comercializa\u00e7\u00e3o do cacau.<\/p>\n<p>Para o presidente da Faepa, Carlos Xavier, a Escola-Ind\u00fastria ir\u00e1 proporcionar o aprendizado e gera\u00e7\u00e3o de renda. \u201cOs dois primeiros polos a receber a escola ser\u00e3o os munic\u00edpios de Igarap\u00e9 Miri e Medicil\u00e2ndia e uma terceira funcionar\u00e1 em uma unidade m\u00f3vel. Posteriormente receber\u00e3o as Escolas- Ind\u00fastria os munic\u00edpios de Castanhal, Altamira e Camet\u00e1\u201d, anunciou.<\/p>\n<p>A presidente do Sindicato de Produtores Rurais de Igarap\u00e9-Miri, Darlene Pantoja contou que os produtores rurais da cidade est\u00e3o muito receptivos com a chegada da Escola-Ind\u00fastria. \u201cAt\u00e9 o momento a produ\u00e7\u00e3o nas ilhas da regi\u00e3o ainda tem um ciclo artesanal, de vender o cacau no paneiro, sendo assim, esse conhecimento que o Sistema Faepa\/Senar est\u00e1 proporcionado ao produtor ajudar\u00e1 no desenvolvimento da produ\u00e7\u00e3o do cacau do munic\u00edpio\u201d, explicou.<\/p>\n<p>\u201c\u00c9 um projeto inovador, sendo o primeiro do Senar a n\u00edvel nacional. Por isso nosso principal objetivo \u00e9 incentivar o produtor rural a receber conhecimento, e com isso agregar valor a produ\u00e7\u00e3o e impulsionar o desenvolvimento do agroneg\u00f3cio no Estado\u201d, destacou o superintendente do Senar, Walter Cardoso.<\/p>\n<p>O gerente regional da Assist\u00eancia T\u00e9cnica e Gerencial do Senar, D\u00e1cio Carvalho, trouxe os resultados que a ATeG est\u00e1 proporcionando para os produtores rurais no Par\u00e1. O modelo in\u00e9dito de presta\u00e7\u00e3o de servi\u00e7os de assist\u00eancia t\u00e9cnica continuada, fundamentada em 5 passos: Diagn\u00f3stico Produtivo Individualizado, Planejamento Estrat\u00e9gico, Adequa\u00e7\u00e3o Tecnol\u00f3gica, Capacita\u00e7\u00e3o Profissional Complementar e Avalia\u00e7\u00e3o Sistem\u00e1tica de Resultados, tem como foco a implanta\u00e7\u00e3o de um modelo de opera\u00e7\u00e3o e gest\u00e3o das propriedades rurais.<\/p>\n<p>\u201cA ATeG envolve todos os processos da cadeia produtiva, possibilitando a realiza\u00e7\u00e3o de a\u00e7\u00f5es efetivas, nas \u00e1reas econ\u00f4mica, social e ambiental, e nos processos de gest\u00e3o de neg\u00f3cio, visando proporcionar a sua evolu\u00e7\u00e3o socioecon\u00f4mica da fam\u00edlia e da comunidade. No Par\u00e1, 240 produtores foram assistidos em 2018 e, 510 j\u00e1 alcan\u00e7ados em 2019, na regi\u00e3o sudeste paraense. A expectativa para este ano compreende a amplia\u00e7\u00e3o das a\u00e7\u00f5es de ATeG para as cadeias produtivas do a\u00e7a\u00ed, cacau, bovinocultura de corte e mel\u201d, revelou D\u00e1cio<\/p>\n<p>A import\u00e2ncia da comunica\u00e7\u00e3o para a propaga\u00e7\u00e3o das informa\u00e7\u00f5es do agroneg\u00f3cio foi destacada na palestra da superintendente de Comunica\u00e7\u00e3o e Marketing da CNA, Cec\u00edlia Kobayachi. Segundo ela, o evento \u00e9 importante, pois apesar de vivermos em um mundo digital, em que as dist\u00e2ncias se encurtaram, nada substitui a presen\u00e7a f\u00edsica e o contato interpessoal.<\/p>\n<p>\u201cEsse evento \u00e9 imprescind\u00edvel para medir o term\u00f4metro do que acontece no Estado no setor do agroneg\u00f3cio. O contato f\u00edsico facilita a troca de informa\u00e7\u00f5es. O Sitema Faepa\/ Senar est\u00e1 de parab\u00e9ns pela iniciativa, pois o evento resultou em novas ideias. Obtive muito retorno e volto com dever de casa para gerar mais informa\u00e7\u00f5es para o Agro\u201d, enfatizou.<\/p>\n<p>O presidente do Sindicato dos Produtores Rurais de Camet\u00e1-PA, Benedito Jos\u00e9 Oliveira Barros, contou que percebe um grande interesse do Sistema Faepa em comunicar suas a\u00e7\u00f5es e as not\u00edcias do setor ao produtor rural. \u201cA palestra foi importante para que tenhamos o entendimento de que informar tamb\u00e9m ajuda no desenvolvimento do setor produtivo, portanto, devemos ser agentes e replicar as boas informa\u00e7\u00f5es do setor em nossas regi\u00f5es\u201d, destacou.<\/p>\n<p><strong>Vitrine Tecnol\u00f3gica<\/strong><\/p>\n<p>O zootecnista e diretor da Faepa, Guilherme Minssen, apresentou o projeto in\u00e9dito da vitrine tecnol\u00f3gica no agroneg\u00f3cio para o estado do Par\u00e1. \u201cQueremos garantir que as potencialidades do nosso estado sejam conhecidas e acess\u00edveis a toda a sociedade, exibindo a produ\u00e7\u00e3o tecnol\u00f3gica voltada para o setor do agroneg\u00f3cio e atraindo os olhos de setores nacionais e internacionais para o Par\u00e1\u201d, disse.<\/p>\n<p><strong>Homenagens<\/strong><\/p>\n<p>O presidente da Alepa, Daniel Santos, esteve na companhia dos parlamentares Alex Santiago e Ana Cunha, concedendo o Pr\u00eamio Qualidade de Vida a dois importantes nomes do Agroneg\u00f3cio no Estado do Par\u00e1: Carlos Xavier, presidente da Federa\u00e7\u00e3o de Agricultura e Pecu\u00e1ria do Par\u00e1 e Claudio Zamperline Junior, empres\u00e1rio e vice-presidente.<\/p>\n<p>As condecora\u00e7\u00f5es do Pr\u00eamio Qualidade de Vida Ambiental no Par\u00e1 foram pelos seus relevantes servi\u00e7os prestados \u00e0 comunidade paraense. \u201cModernizar as Leis \u00e9 dever da Alepa, favorecendo com que o empreendedor e a pessoa do campo possam ter seguran\u00e7a no investimento dos seus produtos. O Par\u00e1 lidera a produ\u00e7\u00e3o de diversos produtos como abacaxi, cacau, a\u00e7a\u00ed, mandioca, dend\u00ea e pimenta do reino, esse artefato \u00e9 b\u00e1sico para a forma\u00e7\u00e3o do nosso Produto Interno Bruto (PIB). Nosso papel, enquanto deputados, \u00e9 fazer valer a pena a confian\u00e7a que a popula\u00e7\u00e3o do Par\u00e1 concedeu aos que comp\u00f5e as 41 cadeiras do Legislativo\u201d, disse o chefe do legislativo.<\/p>\n<p>\u201cO agroneg\u00f3cio paraense tem elevado potencial para transformar a sociedade. N\u00e3o tenho d\u00favidas que com a uni\u00e3o desse novo governo e da nova gest\u00e3o da Alepa, vamos fazer as transforma\u00e7\u00f5es que o Par\u00e1 precisa para avan\u00e7ar cada vez mais\u201d, destacou o presidente da Faepa, Carlos Xavier.<\/p>\n<p>Feliz pelo reconhecimento da Assembleia Legislativa do Estado do Par\u00e1, Cl\u00e1udio Zamperline Junior, empres\u00e1rio paulista, morador do munic\u00edpio de Capit\u00e3o Po\u00e7o h\u00e1 nove anos, comentou sobre a comenda do Pr\u00eamio de Qualidade de Vida Ambiental no Par\u00e1. \u201c\u00c9 um gesto de gratid\u00e3o pelo trabalho que n\u00f3s, produtores rurais, realizamos no Estado. O produtor rural n\u00e3o desmata, preserva. Nesse encontro de produtores rurais temos como discutir e buscar solu\u00e7\u00f5es para a quest\u00e3o ambiental e fundi\u00e1ria, isso \u00e9 v\u00e1lido devido o Par\u00e1 ser um dos maiores produtores de alimentos do Brasil, o que permite a gera\u00e7\u00e3o de emprego e renda\u201d, destacou. J\u00fanior contou ainda que, na Empresa Citropar C\u00edtricos do Par\u00e1, \u00e9 realizado um trabalho de ressocializa\u00e7\u00e3o com os custodiados que cumprem pena no Centro de Recupera\u00e7\u00e3o Regional de Bragan\u00e7a (CRRB). \u201cAli, todos que passam pelo trabalho de ressocializa\u00e7\u00e3o que, tem dois anos e meio, saem preparados para uma nova oportunidade de vida. Essa medalha tamb\u00e9m \u00e9 por esse feito&#8221;, revelou.<\/p>\n<p>Jos\u00e9 Raimundo Fialho, produtor rural h\u00e1 40 anos, residente do munic\u00edpio de Breu Branco, Sudeste do Estado, participa do encontro todos os anos. \u201cEstamos esperan\u00e7osos por um agroneg\u00f3cio com maior potencialidade dos produtos que produzimos. Na minha terra planto maracuj\u00e1, cacau, tenho bovinocultura do leite e a\u00e7a\u00ed. Com a ajuda dos nossos representantes ao nosso agroneg\u00f3cio, temos a chance de ajudar na economia do Par\u00e1\u201d, citou ele, que se considera um paraense, mas \u00e9 natural do Acre.<\/p>\n<p><strong>Parcerias para fortalecer\u00a0<\/strong><\/p>\n<p>Durante o evento foi exibido um v\u00eddeo do diretor da Ag\u00eancia de Desenvolvimento Regional da Rom\u00eania, Vasile Asandei, sobre um acordo de coopera\u00e7\u00e3o firmado entre a Ag\u00eancia Regional de Desenvolvimento do Nordeste da Rom\u00eania e a Federa\u00e7\u00e3o de Agricultura e Pecu\u00e1ria do Par\u00e1.<\/p>\n<p>Para ofertar cursos e possibilitar a utiliza\u00e7\u00e3o de m\u00e3o de obra carcer\u00e1ria, a Superintend\u00eancia do Sistema Penitenci\u00e1rio do Estado do Par\u00e1 (Susipe) firmou um termo de coopera\u00e7\u00e3o com o Servi\u00e7o Nacional de Aprendizagem Rural (Senar) e Federa\u00e7\u00e3o da Agricultura e Pecu\u00e1ria do Par\u00e1 (Faepa).<\/p>\n<p>A parceria quer garantir a inicia\u00e7\u00e3o profissional para os internos e oferecer melhores perspectivas no mercado de trabalho. O documento foi assinado pelo secret\u00e1rio Extraordin\u00e1rio para Assuntos Penitenci\u00e1rios, Jarbas Vasconcelos, pelo superintendente do Senar, Walter Cardoso; e presidente da Faepa, Carlos Xavier.<\/p>\n<p>Jarbas Vasconcelos destacou a import\u00e2ncia da parceria firmada. &#8220;Tivemos o privil\u00e9gio de implementar o primeiro plano para transformar as unidades prisionais em unidades produtivas, a partir da parceria com a Faepa. O polo semiaberto da Col\u00f4nia Agr\u00edcola de Santa Izabel est\u00e1 em processo de recupera\u00e7\u00e3o, com a participa\u00e7\u00e3o direta de espa\u00e7os corporativos de produ\u00e7\u00e3o feito com os t\u00e9cnicos da Federa\u00e7\u00e3o&#8221;, disse o secret\u00e1rio.<\/p>\n<p>O encerramento do 51\u00ba Encontro Ruralista foi palco tamb\u00e9m da celebra\u00e7\u00e3o de seis parcerias entre o Governo do Estado e a Federa\u00e7\u00e3o da Agricultura e Pecu\u00e1ria do Par\u00e1 (Faepa), dentre eles, o que ir\u00e1 viabilizar a implanta\u00e7\u00e3o do Programa &#8220;Cintur\u00e3o Verde&#8221; e outras a\u00e7\u00f5es de fomento e desenvolvimento das cadeias produtivas.<\/p>\n<p>&#8220;Estou feliz de estar na casa do campo paraense para discutir e encontrar solu\u00e7\u00f5es para o tornar Estado cada vez mais protagonista de suas voca\u00e7\u00f5es&#8221;, destacou o governador Helder Barbalho. &#8220;Festejo as parcerias do Governo com a Federa\u00e7\u00e3o da Agricultura e Pecu\u00e1ria do Par\u00e1 &#8211; Faepa e tantos outros \u00f3rg\u00e3os fundamentais, como o Servi\u00e7o Nacional de Aprendizagem Rural &#8211; Senar, a Universidade Federal Rural da Amaz\u00f4nia &#8211; Ufra, compreendendo a grandeza do desafio que temos para construir as condi\u00e7\u00f5es de aperfei\u00e7oamento das atividades do campo. O mundo globalizado nos exige qualidade e competitividade, e n\u00e3o poderemos ter \u00eaxito de forma isolada&#8221;, reconheceu.<\/p>\n<p>A titula\u00e7\u00e3o e legitimidade das terras, a paz no campo e o investimento na qualifica\u00e7\u00e3o t\u00e9cnica do produtor rural foram alguns dos temas destacados pelo Governador do Estado, H\u00e9lder Barbalho, em seu discurso, que parabenizou a Faepa pelo evento. \u201cO incentivo ao agroneg\u00f3cio aumenta o Produto Interno Bruto (PIB) do Estado e consequentemente do Brasil. Novas iniciativas geram alternativas econ\u00f4micas. E quem faz a atividade rural necessita de a\u00e7\u00f5es de desburocratiza\u00e7\u00e3o e investimentos em log\u00edstica, infraestrutura, a constru\u00e7\u00e3o de novos portos e estradas&#8221; destacou.<\/p>\n<p>Durante o evento, foi entregue pelo presidente da Faepa ao Banco do Estado do Par\u00e1 (Banpar\u00e1) uma carta de inten\u00e7\u00f5es para a constru\u00e7\u00e3o de 250 unidades ind\u00fastrias processadoras de cacau para a verticaliza\u00e7\u00e3o da produ\u00e7\u00e3o de chocolate no Estado. A diretora geral do Instituto de Desenvolvimento Florestal e da Biodiversidade do Estado do Par\u00e1 (Ideflor-bio), Karla Bengtson; o secret\u00e1rio de Estado de Ci\u00eancia, Tecnologia e Educa\u00e7\u00e3o Profissional e Tecnol\u00f3gica (Sectet), Carlos Maneschy; o reitor da Ufra, Marcel Botelho; o presidente do Banpar\u00e1, Brasilino Assun\u00e7\u00e3o; e o presidente da Imprensa Oficial do Estado, Jorge Panzera, participaram das assinaturas dos conv\u00eanios firmados.<\/p>\n<p>No encerramento do evento, Carlos Xavier, presidente da Faepa, agradeceu pela presen\u00e7a de todos e salientou a import\u00e2ncia das parcerias firmadas. \u201cNossa conclus\u00e3o \u00e9 a de que, juntos, setor produtivo e governo, conseguir\u00e3o potencializar os resultados do agroneg\u00f3cio em nosso estado\u201d, declarou refor\u00e7ando que parte dos protocolos firmados tiveram processo iniciado ainda durante as gest\u00f5es de Helder enquanto ministro do Governo Federal.<\/p>\n<p>Tamb\u00e9m estiveram presentes no evento o secret\u00e1rio da Sedap, Hugo Suenaga e o diretor da Adepar\u00e1, S\u00e1lvio da Silva.<\/p>\n<p>O Encontro Ruralista, promovido pelo Sistema Faepa\/Senar\/ Sindicatos com apoio da CNA, \u00e9 um dos maiores eventos de l\u00edderes sindicais do Brasil e reuniu autoridades e convidados em um objetivo comum: repensar o agro com maior responsabilidade.<\/p>\n<p>A pr\u00f3xima edi\u00e7\u00e3o acontecer\u00e1 no segundo semestre.<\/p>\n<p>Para ter acesso a galeria de imagens do evento, acesse: https:\/\/mega.nz\/#F!ahc31S4B!er92fimjiOrPx4Oe1_tkXA<\/p>\n<p>&nbsp;<\/p>\n","protected":false},"excerpt":{"rendered":"<p>Encontro de gestores sindicais rurais debateu formas de repensar o agro no cen\u00e1rio marcado pelo seu crescimento e potencial produtivo Evento realizado nos \u00faltimos dias 11 e 12\/6 reuniu 300 participantes entre presidentes de sindicatos rurais, coordenadores de n\u00facleos regionais, assessores t\u00e9cnicos, lideran\u00e7as pol\u00edticas, setoriais, empres\u00e1rios e agentes p\u00fablicos de todos os elos produtivos do [&hellip;]<\/p>\n","protected":false},"author":1,"featured_media":1553,"comment_status":"open","ping_status":"open","sticky":false,"template":"","format":"standard","meta":{"_et_pb_use_builder":"","_et_pb_old_content":"","_et_gb_content_width":"","footnotes":""},"categories":[1],"tags":[],"class_list":["post-1552","post","type-post","status-publish","format-standard","has-post-thumbnail","hentry","category-sem-categoria"],"_links":{"self":[{"href":"https:\/\/sistemafaepa.com.br\/faepa\/wp-json\/wp\/v2\/posts\/1552","targetHints":{"allow":["GET"]}}],"collection":[{"href":"https:\/\/sistemafaepa.com.br\/faepa\/wp-json\/wp\/v2\/posts"}],"about":[{"href":"https:\/\/sistemafaepa.com.br\/faepa\/wp-json\/wp\/v2\/types\/post"}],"author":[{"embeddable":true,"href":"https:\/\/sistemafaepa.com.br\/faepa\/wp-json\/wp\/v2\/users\/1"}],"replies":[{"embeddable":true,"href":"https:\/\/sistemafaepa.com.br\/faepa\/wp-json\/wp\/v2\/comments?post=1552"}],"version-history":[{"count":0,"href":"https:\/\/sistemafaepa.com.br\/faepa\/wp-json\/wp\/v2\/posts\/1552\/revisions"}],"wp:featuredmedia":[{"embeddable":true,"href":"https:\/\/sistemafaepa.com.br\/faepa\/wp-json\/"}],"wp:attachment":[{"href":"https:\/\/sistemafaepa.com.br\/faepa\/wp-json\/wp\/v2\/media?parent=1552"}],"wp:term":[{"taxonomy":"category","embeddable":true,"href":"https:\/\/sistemafaepa.com.br\/faepa\/wp-json\/wp\/v2\/categories?post=1552"},{"taxonomy":"post_tag","embeddable":true,"href":"https:\/\/sistemafaepa.com.br\/faepa\/wp-json\/wp\/v2\/tags?post=1552"}],"curies":[{"name":"wp","href":"https:\/\/api.w.org\/{rel}","templated":true}]}}