{"id":1550,"date":"2019-06-11T09:42:51","date_gmt":"2019-06-11T12:42:51","guid":{"rendered":"http:\/\/sistemafaepa.com.br\/faepa\/2019\/06\/11\/sistema-faepa-divulga-mocao-de-pesar-pelo-falecimento-do-sr-luiz-carneiro-de-oliveira\/"},"modified":"2019-06-11T09:42:51","modified_gmt":"2019-06-11T12:42:51","slug":"sistema-faepa-divulga-mocao-de-pesar-pelo-falecimento-do-sr-luiz-carneiro-de-oliveira","status":"publish","type":"post","link":"https:\/\/sistemafaepa.com.br\/faepa\/sistema-faepa-divulga-mocao-de-pesar-pelo-falecimento-do-sr-luiz-carneiro-de-oliveira\/","title":{"rendered":"Sistema Faepa divulga Mo\u00e7\u00e3o de Pesar pelo falecimento do Sr. Luiz Carneiro de Oliveira"},"content":{"rendered":"<p><strong>MO\u00c7\u00c3O<\/strong> <strong>N\u00ba 001\/2019<\/strong><\/p>\n<p>O Conselho de Representantes da <strong>Federa\u00e7\u00e3o da Agricultura e Pecu\u00e1ria do Par\u00e1 <\/strong>em Assembleia Geral Permanente, sua Diretoria e os <strong>Presidentes<\/strong> <strong>dos<\/strong> <strong>132<\/strong><strong> S<\/strong><strong>indicatos<\/strong> <strong>de<\/strong> <strong>Produtores<\/strong> <strong>Rurais<\/strong> presentes nos <strong>138 munic\u00edpios paraenses<\/strong> e as <strong>10 Diretorias Regionais das Regi\u00f5es Transamaz\u00f4nica, Maraj\u00f3, Bragantina, Guajarina,<\/strong> <strong>Tapaj\u00f3s, Caraj\u00e1s, Nordeste Paraense, Baixo Amazonas, Sul do Par\u00e1 e<\/strong> <strong>Tocantins<\/strong>, na abertura do 51\u00ba ENCONTRO RURALISTA,<\/p>\n<p><strong>CONSIDERANDO<\/strong> a infausta not\u00edcia do falecimento de <strong>LUIZ CARNEIRO DE OLIVEIRA,<\/strong> not\u00e1vel lideran\u00e7a do agroneg\u00f3cio brasileiro;<\/p>\n<p><strong>CONSIDERANDO<\/strong> a necessidade de reconhecer os m\u00e9ritos de t\u00e3o ilustre personalidade que tantos bons servi\u00e7os prestou \u00e0 coletividade paraense;<\/p>\n<p><strong>RESOLVEM:<\/strong><\/p>\n<p><strong>MANIFESTAR <\/strong><strong>publicamente o imenso pesar do Sistema FAEPA\/SENAR\/FUNDEPEC pela perda deste brilhante companheiro de lutas e de ideais;<\/strong><\/p>\n<p><strong>\u00a0<\/strong><strong>TRANSMITIR <\/strong><strong>aos familiares de <\/strong><strong>LUIZ CARNEIRO DE OLIVEIRA<\/strong><strong> a solidariedade pelo seu falecimento, assim como a express\u00e3o de sua imorredoura gratid\u00e3o pela vida desse seu ente querido que dedicou seus esfor\u00e7os pelo engrandecimento do agroneg\u00f3cio do Estado do Par\u00e1.<\/strong><\/p>\n<p>&nbsp;<\/p>\n<p>Bel\u00e9m, 11 de junho de 2019.<\/p>\n<p><strong>CARLOS<\/strong> <strong>FERNANDES<\/strong> <strong>XAVIER<\/strong><\/p>\n<p><strong>Presidente<\/strong> <strong>da<\/strong> <strong>FAEPA<\/strong><\/p>\n<p>&nbsp;<\/p>\n","protected":false},"excerpt":{"rendered":"<p>MO\u00c7\u00c3O N\u00ba 001\/2019 O Conselho de Representantes da Federa\u00e7\u00e3o da Agricultura e Pecu\u00e1ria do Par\u00e1 em Assembleia Geral Permanente, sua Diretoria e os Presidentes dos 132 Sindicatos de Produtores Rurais presentes nos 138 munic\u00edpios paraenses e as 10 Diretorias Regionais das Regi\u00f5es Transamaz\u00f4nica, Maraj\u00f3, Bragantina, Guajarina, Tapaj\u00f3s, Caraj\u00e1s, Nordeste Paraense, Baixo Amazonas, Sul do Par\u00e1 [&hellip;]<\/p>\n","protected":false},"author":1,"featured_media":1551,"comment_status":"open","ping_status":"open","sticky":false,"template":"","format":"standard","meta":{"_et_pb_use_builder":"","_et_pb_old_content":"","_et_gb_content_width":"","footnotes":""},"categories":[1],"tags":[],"class_list":["post-1550","post","type-post","status-publish","format-standard","has-post-thumbnail","hentry","category-sem-categoria"],"_links":{"self":[{"href":"https:\/\/sistemafaepa.com.br\/faepa\/wp-json\/wp\/v2\/posts\/1550","targetHints":{"allow":["GET"]}}],"collection":[{"href":"https:\/\/sistemafaepa.com.br\/faepa\/wp-json\/wp\/v2\/posts"}],"about":[{"href":"https:\/\/sistemafaepa.com.br\/faepa\/wp-json\/wp\/v2\/types\/post"}],"author":[{"embeddable":true,"href":"https:\/\/sistemafaepa.com.br\/faepa\/wp-json\/wp\/v2\/users\/1"}],"replies":[{"embeddable":true,"href":"https:\/\/sistemafaepa.com.br\/faepa\/wp-json\/wp\/v2\/comments?post=1550"}],"version-history":[{"count":0,"href":"https:\/\/sistemafaepa.com.br\/faepa\/wp-json\/wp\/v2\/posts\/1550\/revisions"}],"wp:featuredmedia":[{"embeddable":true,"href":"https:\/\/sistemafaepa.com.br\/faepa\/wp-json\/"}],"wp:attachment":[{"href":"https:\/\/sistemafaepa.com.br\/faepa\/wp-json\/wp\/v2\/media?parent=1550"}],"wp:term":[{"taxonomy":"category","embeddable":true,"href":"https:\/\/sistemafaepa.com.br\/faepa\/wp-json\/wp\/v2\/categories?post=1550"},{"taxonomy":"post_tag","embeddable":true,"href":"https:\/\/sistemafaepa.com.br\/faepa\/wp-json\/wp\/v2\/tags?post=1550"}],"curies":[{"name":"wp","href":"https:\/\/api.w.org\/{rel}","templated":true}]}}