{"id":1548,"date":"2019-06-10T17:53:49","date_gmt":"2019-06-10T20:53:49","guid":{"rendered":"http:\/\/sistemafaepa.com.br\/faepa\/2019\/06\/10\/sistema-faepa-senar-sindicatos-promove-51o-encontro-ruralista-maior-responsabilidade-repensar-o-agro\/"},"modified":"2019-06-10T17:53:49","modified_gmt":"2019-06-10T20:53:49","slug":"sistema-faepa-senar-sindicatos-promove-51o-encontro-ruralista-maior-responsabilidade-repensar-o-agro","status":"publish","type":"post","link":"https:\/\/sistemafaepa.com.br\/faepa\/sistema-faepa-senar-sindicatos-promove-51o-encontro-ruralista-maior-responsabilidade-repensar-o-agro\/","title":{"rendered":"Sistema Faepa\/Senar\/ Sindicatos promove 51\u00ba Encontro Ruralista: Maior Responsabilidade. Repensar o Agro"},"content":{"rendered":"<p>Nos dias 11 e 12 de junho de 2019 ser\u00e1 realizado o 51 \u00ba Encontro Ruralista, com o tema: &#8220;Maior Responsabilidade. Repensar o Agro&#8221;. O encontro, que acontece duas vezes ao ano, ocorre paralelo \u00e0 Assembleia Geral Ordin\u00e1ria do Conselho de Representantes da Faepa, cuja pauta foi publicada no Di\u00e1rio Oficial do Estado do Par\u00e1.<\/p>\n<p>A agenda do encontro contemplar\u00e1 discuss\u00f5es sobre a defesa da legalidade, da iniciativa privada e do direito de propriedade, a preserva\u00e7\u00e3o da seguran\u00e7a jur\u00eddica, o combate \u00e0 criminalidade no campo, a racionaliza\u00e7\u00e3o do sistema tribut\u00e1rio, o refor\u00e7o da infra estrutura log\u00edstica para escoamento da produ\u00e7\u00e3o, a expans\u00e3o dos mercados internacionais e a compreens\u00e3o de que o produtor rural \u00e9 o protagonista da gest\u00e3o rural e do futuro do campo.Tamb\u00e9m ser\u00e3o apresentadas informa\u00e7\u00f5es necess\u00e1rias aos gestores sindicais a respeito da legisla\u00e7\u00e3o trabalhista, contribui\u00e7\u00e3o sindical, al\u00e9m de a\u00e7\u00f5es no Estado, em parcerias com os Sindicatos e os N\u00facleos, que possam fortalecer o agroneg\u00f3cio.<\/p>\n<p>Para o presidente da Faepa e idealizador do evento, Carlos Xavier, o encontro &#8220;traduz a necessidade de rever posicionamentos, procedimentos, organiza\u00e7\u00e3o e ter uma postura cada vez mais proativa para assumir novos compromissos e responsabilidades frente a expans\u00e3o e o crescimento de setor produtivo rural, aproveitando a janela de oportunidades que a atual conjuntura pol\u00edtica oferece&#8221;.<\/p>\n<p>No primeiro dia, o encontro \u00e9 restrito aos gestores sindicais, pois a programa\u00e7\u00e3o ir\u00e1 abordar assuntos institucionais, como estrutura sindical, tecnologias do agro, sindicato forte, num formato que envolve desde palestras motivacionais at\u00e9 din\u00e2micas de grupo.<\/p>\n<p>J\u00e1 no segundo dia, a programa\u00e7\u00e3o ter\u00e1 um cunho informativo e propositivo, compreendendo a apresenta\u00e7\u00e3o e discuss\u00e3o do novo marco legal referente \u00e0 regulariza\u00e7\u00e3o fundi\u00e1ria de ocupa\u00e7\u00f5es rurais e n\u00e3o rurais em terras p\u00fablicas do Estado do Par\u00e1; abordagem e orienta\u00e7\u00f5es sobre quest\u00f5es ambientais, a exemplo do embargo e desembargo de propriedades rurais; revis\u00e3o de TACs e propostas para simplifica\u00e7\u00e3o e desburocratiza\u00e7\u00e3o do licenciamento ambiental. Ser\u00e3o tamb\u00e9m apresentadas algumas ferramentas tecnol\u00f3gicas para o relacionamento com os Sindicatos e parcerias estabelecidas com \u00f3rg\u00e3os do Governo do Estado e pol\u00edtica de comunica\u00e7\u00e3o para o Agro. Est\u00e3o previstas ainda, assinatura de conv\u00eanios.<\/p>\n<p>O Encontro Ruralista, promovido pelo Sistema Faepa\/Senar\/ Sindicatos com apoio da CNA, \u00e9 um dos maiores eventos de l\u00edderes sindicais do Brasil e reunir\u00e1 delegados representantes de 132 Sindicatos, coordenadores de 10 N\u00facleos Regionais, assessores t\u00e9cnicos sindicais, diretores, t\u00e9cnicos, palestrantes, autoridades e convidados em um objetivo comum: repensar o agro com maior responsabilidade.<\/p>\n<p><strong>Agro Forte. Par\u00e1 Forte<\/strong><\/p>\n<p>O agroneg\u00f3cio contribui em m\u00e9dia 21% para a composi\u00e7\u00e3o do PIB dos munic\u00edpios, representando a base econ\u00f4mica de grande parte deles e fonte de ocupa\u00e7\u00e3o para parcela substantiva da popula\u00e7\u00e3o. O campo absorve cerca de 1.500.292 milh\u00f5es de pessoas, o que corresponde e 42,68% dos trabalhadores no estado do Par\u00e1.<\/p>\n<div class=\"entry-content\">\n<p>O Par\u00e1 \u00e9 l\u00edder na produ\u00e7\u00e3o nacional de a\u00e7a\u00ed, abacaxi, cacau, dend\u00ea, mandioca e pimenta do reino. Tamb\u00e9m destaca-se na produ\u00e7\u00e3o de lim\u00e3o, banana e coco, ocupando, respectivamente, o 2\u00ba, 3\u00ba e 4\u00ba lugar no ranking nacional.<\/p>\n<p>Mais recentemente, vem ganhando espa\u00e7o a produ\u00e7\u00e3o de c\u00edtricos, com a expans\u00e3o do cultivo de laranja, no polo de Capit\u00e3o Po\u00e7o, no nordeste do Estado, favorecida pela implanta\u00e7\u00e3o da primeira f\u00e1brica de suco de laranja do Par\u00e1, considerada a maior do Norte e Nordeste do Pa\u00eds. Outro produto que tamb\u00e9m vem ganhando destaque \u00e9 o lim\u00e3o, cultivado, principalmente, no munic\u00edpio de Monte Alegre, no oeste paraense. As expectativas de crescimento da fruticultura paraense s\u00e3o bastante promissoras, tanto no segmento de frutas ex\u00f3ticas como no de frutas regionais, tendo em vista o aumento do consumo desses produtos, alguns deles com crescimento consider\u00e1vel de demanda, nos mercados nacional e internacional, como \u00e9 o caso do cacau e a\u00e7a\u00ed.<\/p>\n<p>Na pecu\u00e1ria, o Par\u00e1 ocupa o 4\u00ba lugar no ranking nacional, com um rebanho de aproximadamente 22 milh\u00f5es de cabe\u00e7as (IBGE, 2017), incluindo o rebanho bubalino (cerca de 513 mil cabe\u00e7as), o maior do Pa\u00eds, concentrado principalmente no arquip\u00e9lago Marajoara.<\/p>\n<p>O rebanho paraense se distingue pelo seu elevado padr\u00e3o gen\u00e9tico, assim como pela qualidade da carne que produz. Em se tratando de padr\u00e3o sanit\u00e1rio, o Par\u00e1 goza do status de Certifica\u00e7\u00e3o Internacional de \u00c1rea Livre de Aftosa com vacina\u00e7\u00e3o. O Par\u00e1 destaca-se ainda na exporta\u00e7\u00e3o de boi vivo, sendo o maior exportador do pa\u00eds, apresentando, tamb\u00e9m, grande potencial na produ\u00e7\u00e3o de carne, couro, leite e seus respectivos derivados.<\/p>\n<p>A soja foi, em 2018, o principal produto da pauta de exporta\u00e7\u00e3o brasileira, atingindo o volume recorde de 1,4 milh\u00e3o de toneladas, equivalente a, aproximadamente, US$568 milh\u00f5es. No Par\u00e1, o complexo da soja j\u00e1 constitui o principal item da pauta de exporta\u00e7\u00e3o do agroneg\u00f3cio, representando cerca de 25% do valor exportado pelo setor. Com efeito, a soja, no Par\u00e1, vem apresentando ritmo significativo de crescimento, expandindo sua \u00e1rea cultivada, no per\u00edodo de 2010\/2017, de 85,4 mil para 500,4 mil hectares, equivalente a 30% do total da \u00e1rea de lavouras, sendo a de maior representatividade dentre as culturas. A produ\u00e7\u00e3o paraense de soja compreende tr\u00eas grandes polos: o do Nordeste paraense, de maior express\u00e3o, liderado pelo munic\u00edpio de Paragominas; o do sul do Par\u00e1, tendo como principal munic\u00edpio produtor, Santana do Araguaia; e o do oeste, capitaneado por Santar\u00e9m. Vale ressaltar, que a expans\u00e3o da soja, no Estado, vem sendo efetuada em campos naturais e \u00e1reas j\u00e1 alteradas (\u00e1reas de pastagem). Isso significa, que n\u00e3o est\u00e1 utilizando \u00e1rea de floresta nativa, evitando-se, assim, o desmatamento.<\/p>\n<p>O Par\u00e1 destaca-se ainda na Avicultura, Apicultura, Florestas Plantadas e produ\u00e7\u00e3o de Gr\u00e3os.<\/p>\n<\/div>\n<p>&nbsp;<\/p>\n","protected":false},"excerpt":{"rendered":"<p>Nos dias 11 e 12 de junho de 2019 ser\u00e1 realizado o 51 \u00ba Encontro Ruralista, com o tema: &#8220;Maior Responsabilidade. Repensar o Agro&#8221;. O encontro, que acontece duas vezes ao ano, ocorre paralelo \u00e0 Assembleia Geral Ordin\u00e1ria do Conselho de Representantes da Faepa, cuja pauta foi publicada no Di\u00e1rio Oficial do Estado do Par\u00e1. [&hellip;]<\/p>\n","protected":false},"author":1,"featured_media":1549,"comment_status":"open","ping_status":"open","sticky":false,"template":"","format":"standard","meta":{"_et_pb_use_builder":"","_et_pb_old_content":"","_et_gb_content_width":"","footnotes":""},"categories":[1],"tags":[],"class_list":["post-1548","post","type-post","status-publish","format-standard","has-post-thumbnail","hentry","category-sem-categoria"],"_links":{"self":[{"href":"https:\/\/sistemafaepa.com.br\/faepa\/wp-json\/wp\/v2\/posts\/1548","targetHints":{"allow":["GET"]}}],"collection":[{"href":"https:\/\/sistemafaepa.com.br\/faepa\/wp-json\/wp\/v2\/posts"}],"about":[{"href":"https:\/\/sistemafaepa.com.br\/faepa\/wp-json\/wp\/v2\/types\/post"}],"author":[{"embeddable":true,"href":"https:\/\/sistemafaepa.com.br\/faepa\/wp-json\/wp\/v2\/users\/1"}],"replies":[{"embeddable":true,"href":"https:\/\/sistemafaepa.com.br\/faepa\/wp-json\/wp\/v2\/comments?post=1548"}],"version-history":[{"count":0,"href":"https:\/\/sistemafaepa.com.br\/faepa\/wp-json\/wp\/v2\/posts\/1548\/revisions"}],"wp:featuredmedia":[{"embeddable":true,"href":"https:\/\/sistemafaepa.com.br\/faepa\/wp-json\/"}],"wp:attachment":[{"href":"https:\/\/sistemafaepa.com.br\/faepa\/wp-json\/wp\/v2\/media?parent=1548"}],"wp:term":[{"taxonomy":"category","embeddable":true,"href":"https:\/\/sistemafaepa.com.br\/faepa\/wp-json\/wp\/v2\/categories?post=1548"},{"taxonomy":"post_tag","embeddable":true,"href":"https:\/\/sistemafaepa.com.br\/faepa\/wp-json\/wp\/v2\/tags?post=1548"}],"curies":[{"name":"wp","href":"https:\/\/api.w.org\/{rel}","templated":true}]}}