{"id":1547,"date":"2019-06-10T15:58:08","date_gmt":"2019-06-10T18:58:08","guid":{"rendered":"http:\/\/sistemafaepa.com.br\/faepa\/2019\/06\/10\/para-sera-o-maior-polo-de-citricultura-do-mundo\/"},"modified":"2019-06-10T15:58:08","modified_gmt":"2019-06-10T18:58:08","slug":"para-sera-o-maior-polo-de-citricultura-do-mundo","status":"publish","type":"post","link":"https:\/\/sistemafaepa.com.br\/faepa\/para-sera-o-maior-polo-de-citricultura-do-mundo\/","title":{"rendered":"Par\u00e1 ser\u00e1 o maior polo de\u00a0Citricultura\u00a0do mundo"},"content":{"rendered":"<p style=\"font-weight: 400\">Fonte de vitamina C, rico em antioxidantes, dentre outros benef\u00edcios, as frutas c\u00edtricas n\u00e3o somente t\u00eam destaque no mercado paraense, mas tamb\u00e9m deixa os produtores rurais do Estado entre os principais exportadores do com\u00e9rcio Europeu. O Polo da\u00a0Citricultura\u00a0Paraense encontra-se no munic\u00edpio de Capit\u00e3o Po\u00e7o, distante 200 quil\u00f4metros de Bel\u00e9m, sendo a principal fonte de renda do munic\u00edpio, e tem condi\u00e7\u00f5es clim\u00e1ticas favor\u00e1veis para o cultivo. Nacionalmente, os\u00a0citricultores\u00a0s\u00e3o homenageados no dia 8 de junho.<\/p>\n<p style=\"font-weight: 400\">No Par\u00e1, integram ainda o Polo de\u00a0Citricultura\u00a0os munic\u00edpios de Garraf\u00e3o do Norte, Irituia, Nova Esperan\u00e7a do Piri\u00e1 e Our\u00e9m. Os cinco munic\u00edpios tamb\u00e9m produzem laranja, lim\u00e3o e tangerina. A expans\u00e3o da produ\u00e7\u00e3o de frutas c\u00edtricas com o apoio ao produtor rural \u00e9 um dos principais compromissos, da Chapa Novo Par\u00e1, Novo Brasil, pois v\u00ea que o setor tem grande potencial para o desenvolvimento do Estado.<\/p>\n<p style=\"font-weight: 400\">Segundo o\u00a0citricultor\u00a0Arc\u00eddio Ornela Filho, a previs\u00e3o \u00e9 que em dez a quinze anos \u201co munic\u00edpio de Capit\u00e3o Po\u00e7o ser\u00e1 o grande Polo de\u00a0Citricultura\u00a0e, com os devidos investimentos aos produtores rurais da regi\u00e3o, em 20 anos, o maior polo de frutas c\u00edtricas do mundo\u201d, analisou.<\/p>\n<p style=\"font-weight: 400\">De acordo com o presidente da Federa\u00e7\u00e3o da Agricultura e Pecu\u00e1ria do Par\u00e1 (Faepa), Carlos Xavier j\u00e1 existe no setor diversos incentivos aos produtores rurais de citrus, no que se refere a cursos, estudos e o contato com as entidades pertinentes, a fim de facilitar o acesso ao cr\u00e9dito e incentivos fiscais.<\/p>\n<p style=\"font-weight: 400\">\u201cLutamos em busca de investimentos e conseguimos ter grandes \u00eaxitos, tanto que em 2017 houve a libera\u00e7\u00e3o de 16,6 milh\u00f5es de reais para a instala\u00e7\u00e3o da primeira f\u00e1brica de suco de laranja e de lim\u00e3o do Par\u00e1\u201d, lembrou Carlos Xavier.<\/p>\n<p style=\"font-weight: 400\">Segundo o empres\u00e1rio e dono da empresa Citropar Zampa, J\u00fanior Zamperlini, os investimentos foram de extrema import\u00e2ncia para a execu\u00e7\u00e3o do projeto. \u201cEssa iniciativa de expandir a produ\u00e7\u00e3o de sucos de laranja e de lim\u00e3o come\u00e7ou a mais de vinte anos, mas hoje j\u00e1 concentra grande parte do estoque e comercializa\u00e7\u00e3o da laranja, assim como de lim\u00e3o e tangerina.\u201d, analisou.<\/p>\n<p style=\"font-weight: 400\"><strong>Destaque \u2013<\/strong>\u00a0Segundo os\u00a0citricultores\u00a0da regi\u00e3o, 90% de toda \u00e1rea plantada est\u00e1 no munic\u00edpio de Capit\u00e3o Po\u00e7o, o que equivale a 16 mil hectares de citrus, sendo que 80% \u00e9 de laranja e o restante lim\u00e3o e tangerina. A estimativa \u00e9 que existam cerca de 4 mil produtores trabalhando com a planta\u00e7\u00e3o de frutas c\u00edtricas em Capit\u00e3o Po\u00e7o e demais localidades. Hoje \u00e9 a principal fonte de renda do munic\u00edpio.<\/p>\n<p style=\"font-weight: 400\"><strong>Com\u00e9rcio \u2013<\/strong>\u00a0Al\u00e9m de abastecer o Estado do Par\u00e1, as frutas c\u00edtricas tamb\u00e9m atendem as ind\u00fastrias de Sergipe, S\u00e3o Paulo, Maranh\u00e3o, Piaui, Cear\u00e1, Amazonas e Amap\u00e1 tanto na na safra quanto entre safra.<\/p>\n<p style=\"font-weight: 400\">O Estado do Par\u00e1 tamb\u00e9m exporta para o mercado Europa. O produto chega ao porto de Rotterdam e de l\u00e1 \u00e9 distribu\u00eddo para v\u00e1rios pa\u00edses da Europa.<\/p>\n<p style=\"font-weight: 400\"><strong>Clima \u2013<\/strong>\u00a0O Par\u00e1 tem as melhores condi\u00e7\u00f5es edafoclim\u00e1ticas do Brasil e segundo os produtores rurais paraenses n\u00e3o h\u00e1 nenhum outro Estado que possua condi\u00e7\u00f5es t\u00e3o favor\u00e1veis. No que se refere as geadas, nem temperaturas baixas ou altas demais, tempestades e furac\u00f5es. Solo, clima e as quantidade de chuvas s\u00e3o favor\u00e1veis ao cultivo de citrus.<\/p>\n<p style=\"font-weight: 400\"><strong>Hist\u00f3ria \u2013<\/strong>\u00a0O plantio da laranja no munic\u00edpio de Capit\u00e3o Po\u00e7o teve in\u00edcio h\u00e1 mais de 40 anos. O primeiro plantio foi feito por Ant\u00f4nio Soares. Ele trouxe a muda de Sergipe e a princ\u00edpio eram plantadas nos quintais de casas do munic\u00edpio de Capit\u00e3o Po\u00e7o.<\/p>\n<p style=\"font-weight: 400\">J\u00e1 em 1988, o senhor Arc\u00eddio Ornela mudou-se para Capit\u00e3o Po\u00e7o, e como j\u00e1 era de uma fam\u00edlia de\u00a0Citricultores\u00a0em S\u00e3o Paulo resolveu expandir o neg\u00f3cio no Estado do Par\u00e1. Assim passaram investir em viveiros de mudas em escala comercial.<\/p>\n<p style=\"font-weight: 400\">Quando eles come\u00e7aram a vender a laranja paraense para outros estados, divulgar o trabalho a fim de fazer novos mercados foi o momento em que come\u00e7ou uma nova fase na\u00a0Citricultura\u00a0do Estado.<\/p>\n","protected":false},"excerpt":{"rendered":"<p>Fonte de vitamina C, rico em antioxidantes, dentre outros benef\u00edcios, as frutas c\u00edtricas n\u00e3o somente t\u00eam destaque no mercado paraense, mas tamb\u00e9m deixa os produtores rurais do Estado entre os principais exportadores do com\u00e9rcio Europeu. O Polo da\u00a0Citricultura\u00a0Paraense encontra-se no munic\u00edpio de Capit\u00e3o Po\u00e7o, distante 200 quil\u00f4metros de Bel\u00e9m, sendo a principal fonte de renda [&hellip;]<\/p>\n","protected":false},"author":1,"featured_media":0,"comment_status":"open","ping_status":"open","sticky":false,"template":"","format":"standard","meta":{"_et_pb_use_builder":"","_et_pb_old_content":"","_et_gb_content_width":"","footnotes":""},"categories":[1],"tags":[],"class_list":["post-1547","post","type-post","status-publish","format-standard","hentry","category-sem-categoria"],"_links":{"self":[{"href":"https:\/\/sistemafaepa.com.br\/faepa\/wp-json\/wp\/v2\/posts\/1547","targetHints":{"allow":["GET"]}}],"collection":[{"href":"https:\/\/sistemafaepa.com.br\/faepa\/wp-json\/wp\/v2\/posts"}],"about":[{"href":"https:\/\/sistemafaepa.com.br\/faepa\/wp-json\/wp\/v2\/types\/post"}],"author":[{"embeddable":true,"href":"https:\/\/sistemafaepa.com.br\/faepa\/wp-json\/wp\/v2\/users\/1"}],"replies":[{"embeddable":true,"href":"https:\/\/sistemafaepa.com.br\/faepa\/wp-json\/wp\/v2\/comments?post=1547"}],"version-history":[{"count":0,"href":"https:\/\/sistemafaepa.com.br\/faepa\/wp-json\/wp\/v2\/posts\/1547\/revisions"}],"wp:attachment":[{"href":"https:\/\/sistemafaepa.com.br\/faepa\/wp-json\/wp\/v2\/media?parent=1547"}],"wp:term":[{"taxonomy":"category","embeddable":true,"href":"https:\/\/sistemafaepa.com.br\/faepa\/wp-json\/wp\/v2\/categories?post=1547"},{"taxonomy":"post_tag","embeddable":true,"href":"https:\/\/sistemafaepa.com.br\/faepa\/wp-json\/wp\/v2\/tags?post=1547"}],"curies":[{"name":"wp","href":"https:\/\/api.w.org\/{rel}","templated":true}]}}