{"id":1545,"date":"2019-06-06T18:07:45","date_gmt":"2019-06-06T21:07:45","guid":{"rendered":"http:\/\/sistemafaepa.com.br\/faepa\/2019\/06\/06\/presidente-da-faepa-participa-da-24a-exposicao-agropecuaria-polo-carajas\/"},"modified":"2019-06-06T18:07:45","modified_gmt":"2019-06-06T21:07:45","slug":"presidente-da-faepa-participa-da-24a-exposicao-agropecuaria-polo-carajas","status":"publish","type":"post","link":"https:\/\/sistemafaepa.com.br\/faepa\/presidente-da-faepa-participa-da-24a-exposicao-agropecuaria-polo-carajas\/","title":{"rendered":"Presidente da Faepa participa da 24\u00aa Exposi\u00e7\u00e3o Agropecu\u00e1ria Polo Caraj\u00e1s"},"content":{"rendered":"<p>O presidente da Faepa, Carlos Xavier, participa nesta noite de um dos maiores eventos do sul do Par\u00e1 e o maior de Reden\u00e7\u00e3o, a Expo Polo Caraj\u00e1s, que chega a sua 24\u00aa edi\u00e7\u00e3o. Evento acontece no Parque de Exposi\u00e7\u00f5es Pantale\u00e3o Louren\u00e7o Ferreira.<\/p>\n","protected":false},"excerpt":{"rendered":"<p>O presidente da Faepa, Carlos Xavier, participa nesta noite de um dos maiores eventos do sul do Par\u00e1 e o maior de Reden\u00e7\u00e3o, a Expo Polo Caraj\u00e1s, que chega a sua 24\u00aa edi\u00e7\u00e3o. Evento acontece no Parque de Exposi\u00e7\u00f5es Pantale\u00e3o Louren\u00e7o Ferreira.<\/p>\n","protected":false},"author":1,"featured_media":1546,"comment_status":"open","ping_status":"open","sticky":false,"template":"","format":"standard","meta":{"_et_pb_use_builder":"","_et_pb_old_content":"","_et_gb_content_width":"","footnotes":""},"categories":[1],"tags":[],"class_list":["post-1545","post","type-post","status-publish","format-standard","has-post-thumbnail","hentry","category-sem-categoria"],"_links":{"self":[{"href":"https:\/\/sistemafaepa.com.br\/faepa\/wp-json\/wp\/v2\/posts\/1545","targetHints":{"allow":["GET"]}}],"collection":[{"href":"https:\/\/sistemafaepa.com.br\/faepa\/wp-json\/wp\/v2\/posts"}],"about":[{"href":"https:\/\/sistemafaepa.com.br\/faepa\/wp-json\/wp\/v2\/types\/post"}],"author":[{"embeddable":true,"href":"https:\/\/sistemafaepa.com.br\/faepa\/wp-json\/wp\/v2\/users\/1"}],"replies":[{"embeddable":true,"href":"https:\/\/sistemafaepa.com.br\/faepa\/wp-json\/wp\/v2\/comments?post=1545"}],"version-history":[{"count":0,"href":"https:\/\/sistemafaepa.com.br\/faepa\/wp-json\/wp\/v2\/posts\/1545\/revisions"}],"wp:featuredmedia":[{"embeddable":true,"href":"https:\/\/sistemafaepa.com.br\/faepa\/wp-json\/"}],"wp:attachment":[{"href":"https:\/\/sistemafaepa.com.br\/faepa\/wp-json\/wp\/v2\/media?parent=1545"}],"wp:term":[{"taxonomy":"category","embeddable":true,"href":"https:\/\/sistemafaepa.com.br\/faepa\/wp-json\/wp\/v2\/categories?post=1545"},{"taxonomy":"post_tag","embeddable":true,"href":"https:\/\/sistemafaepa.com.br\/faepa\/wp-json\/wp\/v2\/tags?post=1545"}],"curies":[{"name":"wp","href":"https:\/\/api.w.org\/{rel}","templated":true}]}}