{"id":1531,"date":"2019-06-05T13:26:06","date_gmt":"2019-06-05T16:26:06","guid":{"rendered":"http:\/\/sistemafaepa.com.br\/faepa\/2019\/06\/05\/cna-jovem-para-se-destaca-com-4-finalistas-em-3-encontro-nacional-do-programa-a-final-sera-em-julho-em-brasilia\/"},"modified":"2019-06-05T13:26:06","modified_gmt":"2019-06-05T16:26:06","slug":"cna-jovem-para-se-destaca-com-4-finalistas-em-3-encontro-nacional-do-programa-a-final-sera-em-julho-em-brasilia","status":"publish","type":"post","link":"https:\/\/sistemafaepa.com.br\/faepa\/cna-jovem-para-se-destaca-com-4-finalistas-em-3-encontro-nacional-do-programa-a-final-sera-em-julho-em-brasilia\/","title":{"rendered":"CNA Jovem: Par\u00e1 se destaca com 4 finalistas em 3\u00b0 Encontro Nacional do Programa. A final ser\u00e1 em julho, em Bras\u00edlia."},"content":{"rendered":"<p>Os quatro paraenses finalistas do Programa CNA Jovem, Keyvilla Aguiar, Elaine Negr\u00e3o, Let\u00edcia Hungria e Ant\u00f4nio Silva, participaram no \u00faltimo final de semana, em S\u00e3o Paulo, das atividades pr\u00e1ticas que marcaram o terceiro encontro da etapa nacional do CNA Jovem, com os debates voltados para a constru\u00e7\u00e3o das iniciativas de lideran\u00e7a.<\/p>\n<p>No primeiro dia do evento, os temas destacados pelo presidente da divis\u00e3o agr\u00edcola da ind\u00fastria no Brasil, Gerhard Bohne foram carreira, inova\u00e7\u00e3o, sustentabilidade e futuro da agricultura. Houve ainda uma palestra do deputado estadual Arthur Do Val (DEM\/SP) sobre como abordar pessoas na rua para uma entrevista e como se portar nessas horas.<\/p>\n<p>Com as dicas, os jovens foram a campo, na Vila Madalena, com a finalidade de realizar uma pesquisa sobre a percep\u00e7\u00e3o das pessoas sobre o setor agropecu\u00e1rio. O desafio era entrevistar o maior n\u00famero de pessoas durante uma hora e conseguir registrar em v\u00eddeos algumas perguntas abertas como a forma que o agro est\u00e1 presente na vida das pessoas.<\/p>\n<p>No s\u00e1bado, 1\u00b0 , os jovens analisaram os resultados da pesquisa. Na oficina para constru\u00e7\u00e3o das iniciativas de lideran\u00e7as, foram disponibilizadas pr\u00e1ticas de gest\u00e3o essenciais para transformar ideias, oportunidades e a\u00e7\u00f5es estrat\u00e9gicas dos jovens l\u00edderes em resultados pr\u00e1ticos. No domingo, 2, \u00faltimo dia do evento ocorreu uma oficina de media\u00e7\u00e3o de conflitos.<\/p>\n<p>A final do Programa CNA Jovem etapa Nacional ser\u00e1 em Bras\u00edlia de 5 a 7 de julho. A premia\u00e7\u00e3o conceder\u00e1 ao grupo finalista a participa\u00e7\u00e3o em um Congresso de Inova\u00e7\u00e3o. Individualmente, tr\u00eas finalistas ser\u00e3o premiados com uma visita ao Vale do Sil\u00edcio, localizado na Calif\u00f3rnia, Estados Unidos, regi\u00e3o onde est\u00e3o situadas v\u00e1rias empresas de alta tecnologia.<\/p>\n","protected":false},"excerpt":{"rendered":"<p>Os quatro paraenses finalistas do Programa CNA Jovem, Keyvilla Aguiar, Elaine Negr\u00e3o, Let\u00edcia Hungria e Ant\u00f4nio Silva, participaram no \u00faltimo final de semana, em S\u00e3o Paulo, das atividades pr\u00e1ticas que marcaram o terceiro encontro da etapa nacional do CNA Jovem, com os debates voltados para a constru\u00e7\u00e3o das iniciativas de lideran\u00e7a. No primeiro dia do [&hellip;]<\/p>\n","protected":false},"author":1,"featured_media":1532,"comment_status":"open","ping_status":"open","sticky":false,"template":"","format":"standard","meta":{"_et_pb_use_builder":"","_et_pb_old_content":"","_et_gb_content_width":"","footnotes":""},"categories":[1],"tags":[],"class_list":["post-1531","post","type-post","status-publish","format-standard","has-post-thumbnail","hentry","category-sem-categoria"],"_links":{"self":[{"href":"https:\/\/sistemafaepa.com.br\/faepa\/wp-json\/wp\/v2\/posts\/1531","targetHints":{"allow":["GET"]}}],"collection":[{"href":"https:\/\/sistemafaepa.com.br\/faepa\/wp-json\/wp\/v2\/posts"}],"about":[{"href":"https:\/\/sistemafaepa.com.br\/faepa\/wp-json\/wp\/v2\/types\/post"}],"author":[{"embeddable":true,"href":"https:\/\/sistemafaepa.com.br\/faepa\/wp-json\/wp\/v2\/users\/1"}],"replies":[{"embeddable":true,"href":"https:\/\/sistemafaepa.com.br\/faepa\/wp-json\/wp\/v2\/comments?post=1531"}],"version-history":[{"count":0,"href":"https:\/\/sistemafaepa.com.br\/faepa\/wp-json\/wp\/v2\/posts\/1531\/revisions"}],"wp:featuredmedia":[{"embeddable":true,"href":"https:\/\/sistemafaepa.com.br\/faepa\/wp-json\/"}],"wp:attachment":[{"href":"https:\/\/sistemafaepa.com.br\/faepa\/wp-json\/wp\/v2\/media?parent=1531"}],"wp:term":[{"taxonomy":"category","embeddable":true,"href":"https:\/\/sistemafaepa.com.br\/faepa\/wp-json\/wp\/v2\/categories?post=1531"},{"taxonomy":"post_tag","embeddable":true,"href":"https:\/\/sistemafaepa.com.br\/faepa\/wp-json\/wp\/v2\/tags?post=1531"}],"curies":[{"name":"wp","href":"https:\/\/api.w.org\/{rel}","templated":true}]}}