{"id":1523,"date":"2019-06-05T12:59:33","date_gmt":"2019-06-05T15:59:33","guid":{"rendered":"http:\/\/sistemafaepa.com.br\/faepa\/2019\/06\/05\/expo-polo-carajas-recebe-acoes-do-sistema-faepa-senar\/"},"modified":"2019-06-05T12:59:33","modified_gmt":"2019-06-05T15:59:33","slug":"expo-polo-carajas-recebe-acoes-do-sistema-faepa-senar","status":"publish","type":"post","link":"https:\/\/sistemafaepa.com.br\/faepa\/expo-polo-carajas-recebe-acoes-do-sistema-faepa-senar\/","title":{"rendered":"Expo Polo Caraj\u00e1s recebe a\u00e7\u00f5es do Sistema Faepa\/Senar"},"content":{"rendered":"<p>Com expectativa de receber cerca de 200 mil pessoas, a 24\u00b0 edi\u00e7\u00e3o de um dos maiores eventos do sul do Par\u00e1 e o maior de Reden\u00e7\u00e3o, a Expo Polo Caraj\u00e1s, recebe os cursos de capacita\u00e7\u00e3o profissional rural do Servi\u00e7o Nacional de Aprendizagem Rural (Senar).<\/p>\n<p>O p\u00fablico alvo do programa de Inclus\u00e3o Digital Rural s\u00e3o os jovens moradores da zona rural. O curso oferece \u00e0s pessoas do meio rural o conhecimento necess\u00e1rio para que aprendam a usar o computador, acessar a internet e buscar as informa\u00e7\u00f5es que precisam para conseguir melhores resultados na produ\u00e7\u00e3o e na gest\u00e3o de seus neg\u00f3cios.<\/p>\n<p>\u201c\u00c9 um projeto que estamos levando para todo o estado, para que os filhos de produtores rurais possam aprender no\u00e7\u00f5es b\u00e1sicas de inform\u00e1tica como Word, Excel, Power Point e Internet, possibilitando a utilizar a tecnologia para desenvolver os seus projetos, melhorar o seu gerenciamento pessoal ou alavancar o seu neg\u00f3cio rural alcan\u00e7ando melhores resultados na gest\u00e3o e tornando o seu cotidiano mais eficiente\u201d, comenta Junior Santos, subcoordenador do programa.<\/p>\n<p><img loading=\"lazy\" decoding=\"async\" class=\"size-medium wp-image-15261524 aligncenter\" src=\"https:\/\/sistemafaepa.com.br\/faepa\/wp-content\/uploads\/sites\/5\/2019\/06\/49d949e8-6bd0-452e-8443-2616aacaaea4-300x225.jpg\" alt=\"\" width=\"300\" height=\"225\" \/><\/p>\n<p>Com duas turmas, manh\u00e3 e tarde, a Curso Itiner\u00e1rio est\u00e1 com um stand montado na Expo Caraj\u00e1s, em Reden\u00e7\u00e3o, sudeste paraense, at\u00e9 a sexta-feira, quando encerra o curso, de carga hor\u00e1ria\u00a0de 16 horas e certifica\u00e7\u00e3o.<\/p>\n<p><img decoding=\"async\" class=\"aligncenter\" src=\"https:\/\/sistemafaepa.com.br\/wp-content\/uploads\/2019\/06\/WhatsApp-Image-2019-06-05-at-10.40.53-768x512-300x200.jpeg\" \/><\/p>\n<p>Os estudantes que participam do curso elogiaram bastante a a\u00e7\u00e3o e contam como est\u00e3o satisfeitos com esta oportunidade. \u201c\u00c9 uma oportunidade \u00fanica para n\u00f3s que muitas das vezes n\u00e3o temos condi\u00e7\u00f5es de pagar um curso de inform\u00e1tica particular, principalmente para ingressar no mercado de trabalho\u201d, destaca Josi Ferreira de Oliveira Santos, 15 anos.<\/p>\n<p><img decoding=\"async\" class=\"aligncenter\" src=\"https:\/\/sistemafaepa.com.br\/wp-content\/uploads\/2019\/06\/WhatsApp-Image-2019-06-05-at-10.42.09-768x512-300x200.jpeg\" \/><\/p>\n<p>Para o jovem \u00cdtalo Souza, 14 anos, o conhecimento adquirido atrav\u00e9s do curso \u00e9 muito importante para o futuro no mercado de trabalho. \u201cO curso permite um conhecimento mais profundo daquilo que t\u00ednhamos somente ideia e nos prepara para ingressar no mercado\u201d, revela.<\/p>\n<p>&nbsp;<\/p>\n<p><img loading=\"lazy\" decoding=\"async\" class=\"size-medium wp-image-15262751 aligncenter\" src=\"https:\/\/sistemafaepa.com.br\/faepa\/wp-content\/uploads\/sites\/5\/2019\/06\/97955be2-4207-4217-b001-bfdc1ee7a116-1-300x225.jpg\" alt=\"\" width=\"300\" height=\"225\" \/><\/p>\n<p><strong>Exposi\u00e7\u00e3o &#8211;<\/strong>A Expo Polo Caraj\u00e1s conta com apresenta\u00e7\u00f5es de representatividade nacional e tem grande import\u00e2ncia para a economia local, bem como para o mercado agropecu\u00e1rio de vendas e pesquisas da cria\u00e7\u00e3o de gado. De acordo com o prefeito Carlo Iav\u00e9, \u201ceste \u00e9 o momento em que Reden\u00e7\u00e3o se torna a vitrine do agroneg\u00f3cio no Sul e sudeste Paraense\u201d. Para ele, a festa \u00e9 democr\u00e1tica e traz a participa\u00e7\u00e3o de grande p\u00fablico, seja durante as atra\u00e7\u00f5es musicais, ou junto aos participantes que realizam neg\u00f3cios durante a feira, movimentando a economia local, assim gerando dividendos para a cidade.<\/p>\n","protected":false},"excerpt":{"rendered":"<p>Com expectativa de receber cerca de 200 mil pessoas, a 24\u00b0 edi\u00e7\u00e3o de um dos maiores eventos do sul do Par\u00e1 e o maior de Reden\u00e7\u00e3o, a Expo Polo Caraj\u00e1s, recebe os cursos de capacita\u00e7\u00e3o profissional rural do Servi\u00e7o Nacional de Aprendizagem Rural (Senar). O p\u00fablico alvo do programa de Inclus\u00e3o Digital Rural s\u00e3o os [&hellip;]<\/p>\n","protected":false},"author":1,"featured_media":1528,"comment_status":"open","ping_status":"open","sticky":false,"template":"","format":"standard","meta":{"_et_pb_use_builder":"","_et_pb_old_content":"","_et_gb_content_width":"","footnotes":""},"categories":[1],"tags":[],"class_list":["post-1523","post","type-post","status-publish","format-standard","has-post-thumbnail","hentry","category-sem-categoria"],"_links":{"self":[{"href":"https:\/\/sistemafaepa.com.br\/faepa\/wp-json\/wp\/v2\/posts\/1523","targetHints":{"allow":["GET"]}}],"collection":[{"href":"https:\/\/sistemafaepa.com.br\/faepa\/wp-json\/wp\/v2\/posts"}],"about":[{"href":"https:\/\/sistemafaepa.com.br\/faepa\/wp-json\/wp\/v2\/types\/post"}],"author":[{"embeddable":true,"href":"https:\/\/sistemafaepa.com.br\/faepa\/wp-json\/wp\/v2\/users\/1"}],"replies":[{"embeddable":true,"href":"https:\/\/sistemafaepa.com.br\/faepa\/wp-json\/wp\/v2\/comments?post=1523"}],"version-history":[{"count":0,"href":"https:\/\/sistemafaepa.com.br\/faepa\/wp-json\/wp\/v2\/posts\/1523\/revisions"}],"wp:featuredmedia":[{"embeddable":true,"href":"https:\/\/sistemafaepa.com.br\/faepa\/wp-json\/"}],"wp:attachment":[{"href":"https:\/\/sistemafaepa.com.br\/faepa\/wp-json\/wp\/v2\/media?parent=1523"}],"wp:term":[{"taxonomy":"category","embeddable":true,"href":"https:\/\/sistemafaepa.com.br\/faepa\/wp-json\/wp\/v2\/categories?post=1523"},{"taxonomy":"post_tag","embeddable":true,"href":"https:\/\/sistemafaepa.com.br\/faepa\/wp-json\/wp\/v2\/tags?post=1523"}],"curies":[{"name":"wp","href":"https:\/\/api.w.org\/{rel}","templated":true}]}}