{"id":1521,"date":"2019-06-03T15:06:35","date_gmt":"2019-06-03T18:06:35","guid":{"rendered":"http:\/\/sistemafaepa.com.br\/faepa\/2019\/06\/03\/braganca-recebe-acao-que-destaca-a-importancia-do-setor-produtivo-2\/"},"modified":"2019-06-03T15:06:35","modified_gmt":"2019-06-03T18:06:35","slug":"braganca-recebe-acao-que-destaca-a-importancia-do-setor-produtivo-2","status":"publish","type":"post","link":"https:\/\/sistemafaepa.com.br\/faepa\/braganca-recebe-acao-que-destaca-a-importancia-do-setor-produtivo-2\/","title":{"rendered":"Bragan\u00e7a recebe a\u00e7\u00e3o que destaca a import\u00e2ncia do setor produtivo"},"content":{"rendered":"<p>Cerca de 4 mil pessoas participar\u00e3o do evento \u201cA\u00e7\u00e3o Bragantina \u2013 Setor Produtivo e Governo Juntos por Bragan\u00e7a\u201d, que iniciou hoje (3) e segue at\u00e9 sexta-feira (7), no Centro de Forma\u00e7\u00e3o Profissional do Servi\u00e7o Nacional de Aprendizagem Industrial (Senai) do munic\u00edpio de Bragan\u00e7a. A iniciativa prev\u00ea uma programa\u00e7\u00e3o extensa com a oferta de cursos, capacita\u00e7\u00f5es, oficinas, palestras e servi\u00e7os a comunidade.<\/p>\n<p>O evento \u00e9 fruto de uma parceria entre Governo do Estado e Sistema Faepa\/ Senar\/ Sindicatos\/ N\u00facleos, Sistema Fiepa\/Senai\/ Sesi, Superintend\u00eancia Regional do Trabalho no Estado Do Par\u00e1 e Par\u00f3quia Nossa Senhora do Perp\u00e9tuo Socorro.<\/p>\n<p>Nos cinco dias de programa\u00e7\u00e3o ser\u00e3o ofertadas 200 vagas para os cursos de capacita\u00e7\u00f5es em inform\u00e1tica, horticultura, pintura em tecido, cestaria, embalagens, corte e costura, processamento do pescado e panifica\u00e7\u00e3o. Cada curso ter\u00e1 carga hor\u00e1ria de 40h.<\/p>\n<p>Nos dias 6 e 7 de junho, o total de 200 vagas ser\u00e1 destinado ao p\u00fablico que ir\u00e1 participar das oficinas sobre os temas \u201cAgroind\u00fastria de Chocolate para a verticaliza\u00e7\u00e3o da cadeia produtiva do cacau no Par\u00e1\u201d e \u201cProjeto Curupira de Educa\u00e7\u00e3o\u201d, ofertados pelo Servi\u00e7o Nacional de Aprendizagem Rural (Senar). A Empresa de Assist\u00eancia T\u00e9cnica e Extens\u00e3o Rural do Estado do Par\u00e1 (Emater) far\u00e1 oficinas sobre \u201cAs vantagens da compostagem org\u00e2nica para a produ\u00e7\u00e3o agr\u00edcola\u201d e \u201cGerando renda a partir hortas urbanas residenciais\u201d.<\/p>\n<p>Os servi\u00e7os ofertados a comunidade bragantina no decorrer do evento beneficiar\u00e1 1.100 pessoas. Haver\u00e1 a emiss\u00e3o de documentos, como RG, CPF, CTPS e certid\u00e3o de nascimento e os servi\u00e7os de sa\u00fade como a aferi\u00e7\u00e3o de press\u00e3o arterial e exame de glicemia. Haver\u00e1 ainda uma palestra sobre como se cadastrar no Programa Cheque Moradia.<\/p>\n<p>Ao todo ser\u00e3o ofertadas 640 vagas para a participa\u00e7\u00e3o do p\u00fablico nas palestras. No dia 6, os temas debatidos ser\u00e3o: Produ\u00e7\u00e3o de Biocombust\u00edvel a partir do aproveitamento da mandioca, Avan\u00e7os Tecnol\u00f3gicos no Cultivo da Mandioca no Estado do Par\u00e1 com \u00eanfase na Regi\u00e3o Bragantina, Linhas de Cr\u00e9dito Rural do Banpar\u00e1 e Orienta\u00e7\u00e3o sobre cadastro no Programa Cheque Moradia &#8211; quem pode se beneficiar? J\u00e1 no dia 7, os participantes ter\u00e3o acesso aos temas: As oportunidades das Cooperativas de Cr\u00e9dito para o desenvolvimento do setor rural, Linhas de financiamento do CredCidad\u00e3o para o pequeno empreendedor, A\u00e7\u00f5es do Governo Estadual para o desenvolvimento do Regi\u00e3o Bragantina e O Agroneg\u00f3cio como sa\u00edda para o crescimento socioecon\u00f4mico da Regi\u00e3o Bragantina do Par\u00e1.<\/p>\n<p>Ao final do evento, 2 mil pessoas ir\u00e3o receber certificados de conclus\u00e3o durante solenidade a ser realizada no Gin\u00e1sio de Esportes do Centro de Forma\u00e7\u00e3o Profissional do SENAI de Bragan\u00e7a.<\/p>\n","protected":false},"excerpt":{"rendered":"<p>Cerca de 4 mil pessoas participar\u00e3o do evento \u201cA\u00e7\u00e3o Bragantina \u2013 Setor Produtivo e Governo Juntos por Bragan\u00e7a\u201d, que iniciou hoje (3) e segue at\u00e9 sexta-feira (7), no Centro de Forma\u00e7\u00e3o Profissional do Servi\u00e7o Nacional de Aprendizagem Industrial (Senai) do munic\u00edpio de Bragan\u00e7a. A iniciativa prev\u00ea uma programa\u00e7\u00e3o extensa com a oferta de cursos, capacita\u00e7\u00f5es, [&hellip;]<\/p>\n","protected":false},"author":1,"featured_media":2673,"comment_status":"open","ping_status":"open","sticky":false,"template":"","format":"standard","meta":{"_et_pb_use_builder":"","_et_pb_old_content":"","_et_gb_content_width":"","footnotes":""},"categories":[1],"tags":[],"class_list":["post-1521","post","type-post","status-publish","format-standard","has-post-thumbnail","hentry","category-sem-categoria"],"_links":{"self":[{"href":"https:\/\/sistemafaepa.com.br\/faepa\/wp-json\/wp\/v2\/posts\/1521","targetHints":{"allow":["GET"]}}],"collection":[{"href":"https:\/\/sistemafaepa.com.br\/faepa\/wp-json\/wp\/v2\/posts"}],"about":[{"href":"https:\/\/sistemafaepa.com.br\/faepa\/wp-json\/wp\/v2\/types\/post"}],"author":[{"embeddable":true,"href":"https:\/\/sistemafaepa.com.br\/faepa\/wp-json\/wp\/v2\/users\/1"}],"replies":[{"embeddable":true,"href":"https:\/\/sistemafaepa.com.br\/faepa\/wp-json\/wp\/v2\/comments?post=1521"}],"version-history":[{"count":0,"href":"https:\/\/sistemafaepa.com.br\/faepa\/wp-json\/wp\/v2\/posts\/1521\/revisions"}],"wp:featuredmedia":[{"embeddable":true,"href":"https:\/\/sistemafaepa.com.br\/faepa\/wp-json\/"}],"wp:attachment":[{"href":"https:\/\/sistemafaepa.com.br\/faepa\/wp-json\/wp\/v2\/media?parent=1521"}],"wp:term":[{"taxonomy":"category","embeddable":true,"href":"https:\/\/sistemafaepa.com.br\/faepa\/wp-json\/wp\/v2\/categories?post=1521"},{"taxonomy":"post_tag","embeddable":true,"href":"https:\/\/sistemafaepa.com.br\/faepa\/wp-json\/wp\/v2\/tags?post=1521"}],"curies":[{"name":"wp","href":"https:\/\/api.w.org\/{rel}","templated":true}]}}