{"id":1517,"date":"2019-06-03T13:38:23","date_gmt":"2019-06-03T16:38:23","guid":{"rendered":"http:\/\/sistemafaepa.com.br\/faepa\/2019\/06\/03\/cna-jovem-promove-terceiro-encontro-em-sao-paulo\/"},"modified":"2019-06-03T13:38:23","modified_gmt":"2019-06-03T16:38:23","slug":"cna-jovem-promove-terceiro-encontro-em-sao-paulo","status":"publish","type":"post","link":"https:\/\/sistemafaepa.com.br\/faepa\/cna-jovem-promove-terceiro-encontro-em-sao-paulo\/","title":{"rendered":"CNA Jovem promove terceiro encontro em S\u00e3o Paulo"},"content":{"rendered":"<p>O Sistema CNA\/SENAR realizou o terceiro encontro do ano do CNA Jovem de sexta (31) a domingo (2), em S\u00e3o Paulo. O programa, que est\u00e1 na terceira edi\u00e7\u00e3o, tem o objetivo de desenvolver e preparar lideran\u00e7as para os desafios do setor agropecu\u00e1rio.<\/p>\n<p>O evento reuniu 61 jovens de 21 estados em tr\u00eas dias de atividades. Na sexta (31), o grupo come\u00e7ou a programa\u00e7\u00e3o com uma visita \u00e0 sede da Bayer, empresa multinacional focada em sa\u00fade e agricultura. No local, os jovens tiveram um bate-papo com o diretor da Bayer Crop Science Brasil, Gerhard Bohne.<\/p>\n<p>Tamb\u00e9m fez parte da programa\u00e7\u00e3o em S\u00e3o Paulo uma sa\u00edda \u00e0s ruas para coletar e avaliar a percep\u00e7\u00e3o das pessoas sobre o agro. No s\u00e1bado (1\u00ba), os jovens analisaram o material e debater os resultados. O per\u00edodo da tarde foi destinado \u00e0 constru\u00e7\u00e3o das iniciativas de lideran\u00e7a. \u00c0 noite, os jovens participar\u00e3o do Festival dos Estados, jantar tem\u00e1tico, com produtos tradicionais de todas as regi\u00f5es do Brasil.<\/p>\n<p>No domingo (2), houve a continua\u00e7\u00e3o das oficinas \u201cMedia\u00e7\u00e3o de Conflitos\u201d e o fechamento das atividades com orienta\u00e7\u00f5es da coordena\u00e7\u00e3o para o pr\u00f3ximo encontro e as atividades remotas.<\/p>\n<p>Para a diretora de Educa\u00e7\u00e3o Profissional e Promo\u00e7\u00e3o Social do Senar (DEPPS), Andr\u00e9a Barbosa, o terceiro encontro tem o objetivo de realizar atividades que aumentem a percep\u00e7\u00e3o dos jovens sobre a vis\u00e3o que a sociedade possui do agro.<\/p>\n<p>\u201cCom a oficina das iniciativas, o objetivo \u00e9 que eles consigam estruturar as ideias que eles tiveram no formato de um \u2018miniprojeto\u2019. No domingo, a oficina de media\u00e7\u00e3o, nos mesmos moldes da que j\u00e1 foi feita com os debates, ser\u00e1 justamente para enfatizar e mostrar na pr\u00e1tica como essa ferramenta \u00e9 fundamental para os l\u00edderes\u201d, afirmou a Andr\u00e9a.<\/p>\n<p>O CNA Jovem Nacional 2019 ter\u00e1 mais uma etapa, de 5 a 7 de julho, em Bras\u00edlia. No encontro final ser\u00e3o anunciadas as tr\u00eas jovens lideran\u00e7as de maior destaque e o projeto vencedor desta edi\u00e7\u00e3o.<\/p>\n","protected":false},"excerpt":{"rendered":"<p>O Sistema CNA\/SENAR realizou o terceiro encontro do ano do CNA Jovem de sexta (31) a domingo (2), em S\u00e3o Paulo. O programa, que est\u00e1 na terceira edi\u00e7\u00e3o, tem o objetivo de desenvolver e preparar lideran\u00e7as para os desafios do setor agropecu\u00e1rio. O evento reuniu 61 jovens de 21 estados em tr\u00eas dias de atividades. [&hellip;]<\/p>\n","protected":false},"author":1,"featured_media":1518,"comment_status":"open","ping_status":"open","sticky":false,"template":"","format":"standard","meta":{"_et_pb_use_builder":"","_et_pb_old_content":"","_et_gb_content_width":"","footnotes":""},"categories":[1],"tags":[],"class_list":["post-1517","post","type-post","status-publish","format-standard","has-post-thumbnail","hentry","category-sem-categoria"],"_links":{"self":[{"href":"https:\/\/sistemafaepa.com.br\/faepa\/wp-json\/wp\/v2\/posts\/1517","targetHints":{"allow":["GET"]}}],"collection":[{"href":"https:\/\/sistemafaepa.com.br\/faepa\/wp-json\/wp\/v2\/posts"}],"about":[{"href":"https:\/\/sistemafaepa.com.br\/faepa\/wp-json\/wp\/v2\/types\/post"}],"author":[{"embeddable":true,"href":"https:\/\/sistemafaepa.com.br\/faepa\/wp-json\/wp\/v2\/users\/1"}],"replies":[{"embeddable":true,"href":"https:\/\/sistemafaepa.com.br\/faepa\/wp-json\/wp\/v2\/comments?post=1517"}],"version-history":[{"count":0,"href":"https:\/\/sistemafaepa.com.br\/faepa\/wp-json\/wp\/v2\/posts\/1517\/revisions"}],"wp:featuredmedia":[{"embeddable":true,"href":"https:\/\/sistemafaepa.com.br\/faepa\/wp-json\/"}],"wp:attachment":[{"href":"https:\/\/sistemafaepa.com.br\/faepa\/wp-json\/wp\/v2\/media?parent=1517"}],"wp:term":[{"taxonomy":"category","embeddable":true,"href":"https:\/\/sistemafaepa.com.br\/faepa\/wp-json\/wp\/v2\/categories?post=1517"},{"taxonomy":"post_tag","embeddable":true,"href":"https:\/\/sistemafaepa.com.br\/faepa\/wp-json\/wp\/v2\/tags?post=1517"}],"curies":[{"name":"wp","href":"https:\/\/api.w.org\/{rel}","templated":true}]}}