{"id":1513,"date":"2019-05-29T17:59:32","date_gmt":"2019-05-29T20:59:32","guid":{"rendered":"http:\/\/sistemafaepa.com.br\/faepa\/2019\/05\/29\/cartaz-do-cirio-2019-sera-apresentado-nesta-quinta-feira-a-festa-de-nazare-tem-apoio-do-sistema-faepa\/"},"modified":"2019-05-29T17:59:32","modified_gmt":"2019-05-29T20:59:32","slug":"cartaz-do-cirio-2019-sera-apresentado-nesta-quinta-feira-a-festa-de-nazare-tem-apoio-do-sistema-faepa","status":"publish","type":"post","link":"https:\/\/sistemafaepa.com.br\/faepa\/cartaz-do-cirio-2019-sera-apresentado-nesta-quinta-feira-a-festa-de-nazare-tem-apoio-do-sistema-faepa\/","title":{"rendered":"Cartaz do C\u00edrio 2019 ser\u00e1 apresentado nesta quinta-feira. A Festa de Nazar\u00e9 tem apoio do Sistema Faepa."},"content":{"rendered":"<p>O lan\u00e7amento do cartaz do C\u00edrio 2019 acontecer\u00e1 nesta quinta, dia 30 de maio, a partir das 19h30, na Pra\u00e7a Santu\u00e1rio. Com o tema \u201cMaria, M\u00e3e da Igreja\u201d, o C\u00edrio deste ano celebra o Jubileu dos 300 anos da cria\u00e7\u00e3o da Diocese de Santa Maria de Bel\u00e9m. A cria\u00e7\u00e3o do Cartaz \u00e9 da ag\u00eancia Mendes Comunica\u00e7\u00e3o, com fotografia de Tarso Sarraf. \u201cSer convidado para fotografar a Imagem Peregrina de Nossa Senhora de Nazar\u00e9 foi uma honra muito grande para mim, o que me deixa muito feliz\u201d, comemora o fot\u00f3grafo.<\/p>\n<p>Este \u00e9 o primeiro grande evento que antecede a prociss\u00e3o principal do 2\u00ba domingo de outubro.<\/p>\n<p><strong>O C\u00edrio 2019 &#8211;<\/strong> O C\u00edrio de Nazar\u00e9 \u00e9 uma realiza\u00e7\u00e3o da Arquidiocese de Bel\u00e9m, Bas\u00edlica Santu\u00e1rio de Nazar\u00e9, Diretoria da Festa de Nazar\u00e9, Governo do Estado do Par\u00e1 e Prefeitura de Bel\u00e9m. A Festa de Nazar\u00e9 tem o Sistema Faepa como um de seus apoiadores oficiais.<\/p>\n","protected":false},"excerpt":{"rendered":"<p>O lan\u00e7amento do cartaz do C\u00edrio 2019 acontecer\u00e1 nesta quinta, dia 30 de maio, a partir das 19h30, na Pra\u00e7a Santu\u00e1rio. Com o tema \u201cMaria, M\u00e3e da Igreja\u201d, o C\u00edrio deste ano celebra o Jubileu dos 300 anos da cria\u00e7\u00e3o da Diocese de Santa Maria de Bel\u00e9m. A cria\u00e7\u00e3o do Cartaz \u00e9 da ag\u00eancia Mendes [&hellip;]<\/p>\n","protected":false},"author":1,"featured_media":0,"comment_status":"open","ping_status":"open","sticky":false,"template":"","format":"standard","meta":{"_et_pb_use_builder":"","_et_pb_old_content":"","_et_gb_content_width":"","footnotes":""},"categories":[1],"tags":[],"class_list":["post-1513","post","type-post","status-publish","format-standard","hentry","category-sem-categoria"],"_links":{"self":[{"href":"https:\/\/sistemafaepa.com.br\/faepa\/wp-json\/wp\/v2\/posts\/1513","targetHints":{"allow":["GET"]}}],"collection":[{"href":"https:\/\/sistemafaepa.com.br\/faepa\/wp-json\/wp\/v2\/posts"}],"about":[{"href":"https:\/\/sistemafaepa.com.br\/faepa\/wp-json\/wp\/v2\/types\/post"}],"author":[{"embeddable":true,"href":"https:\/\/sistemafaepa.com.br\/faepa\/wp-json\/wp\/v2\/users\/1"}],"replies":[{"embeddable":true,"href":"https:\/\/sistemafaepa.com.br\/faepa\/wp-json\/wp\/v2\/comments?post=1513"}],"version-history":[{"count":0,"href":"https:\/\/sistemafaepa.com.br\/faepa\/wp-json\/wp\/v2\/posts\/1513\/revisions"}],"wp:attachment":[{"href":"https:\/\/sistemafaepa.com.br\/faepa\/wp-json\/wp\/v2\/media?parent=1513"}],"wp:term":[{"taxonomy":"category","embeddable":true,"href":"https:\/\/sistemafaepa.com.br\/faepa\/wp-json\/wp\/v2\/categories?post=1513"},{"taxonomy":"post_tag","embeddable":true,"href":"https:\/\/sistemafaepa.com.br\/faepa\/wp-json\/wp\/v2\/tags?post=1513"}],"curies":[{"name":"wp","href":"https:\/\/api.w.org\/{rel}","templated":true}]}}