{"id":1500,"date":"2019-05-24T14:48:48","date_gmt":"2019-05-24T17:48:48","guid":{"rendered":"http:\/\/sistemafaepa.com.br\/faepa\/2019\/05\/24\/presidente-da-faepa-participa-da-solenidade-de-assinatura-do-protocolo-para-construcao-de-usina-de-aco-no-para\/"},"modified":"2019-05-24T14:48:48","modified_gmt":"2019-05-24T17:48:48","slug":"presidente-da-faepa-participa-da-solenidade-de-assinatura-do-protocolo-para-construcao-de-usina-de-aco-no-para","status":"publish","type":"post","link":"https:\/\/sistemafaepa.com.br\/faepa\/presidente-da-faepa-participa-da-solenidade-de-assinatura-do-protocolo-para-construcao-de-usina-de-aco-no-para\/","title":{"rendered":"Presidente da Faepa participa da solenidade de assinatura do protocolo para constru\u00e7\u00e3o de usina de a\u00e7o no Par\u00e1"},"content":{"rendered":"<p>O presidente da Faepa, Carlos Xavier, participou ontem, 23, da cerim\u00f4nia de assinatura do protocolo de inten\u00e7\u00f5es para implanta\u00e7\u00e3o da primeira planta de verticaliza\u00e7\u00e3o de min\u00e9rio de ferro do Par\u00e1, no munic\u00edpio de Marab\u00e1 (regi\u00e3o sudeste). O evento ocorreu no Teatro Maria Sylvia Nunes, na Esta\u00e7\u00e3o das Docas, em Bel\u00e9m. O investimento na implanta\u00e7\u00e3o da usina de lamina\u00e7\u00e3o de a\u00e7o \u00e9 de US$ 450 milh\u00f5es, equivalente a cerca de R$ 1,5 bilh\u00e3o, e tem como parceiros o Governo do Estado e as empresas Vale e China Communication Constrution Company (CCCC), controladora da brasileira Concremat.<\/p>\n<p>Para o governador Helder Barbalho, a medida traz in\u00fameros benef\u00edcios ao Estado, e uma delas \u00e9 a oportunidade de atrair outras ind\u00fastrias de diversos segmentos, que enxergam no Par\u00e1 grandes oportunidades a partir dessa implementa\u00e7\u00e3o, sempre com \u00eanfase na gera\u00e7\u00e3o de emprego e renda, e ainda no desenvolvimento econ\u00f4mico e social. &#8220;Estamos abrindo uma janela que permite um horizonte de novos neg\u00f3cios para a atividade da minera\u00e7\u00e3o, absolutamente importante para o Estado&#8221;, afirmou.<\/p>\n<p>Vale e CCCC devem apresentar at\u00e9 o ano que vem o projeto e o licenciamento completos, com previs\u00e3o de in\u00edcio das obras para 2021 e funcionamento j\u00e1 a partir de 2022.<\/p>\n<p><strong>Caminho inverso &#8211;<\/strong> &#8220;Enquanto todos os investimentos est\u00e3o retraindo no resto do Pa\u00eds, estamos investindo R$ 1,5 bi, o que refor\u00e7a nosso ambiente econ\u00f4mico de atra\u00e7\u00e3o de neg\u00f3cios como resistente a essas dificuldades&#8221;, avaliou o governador. &#8220;Com o protocolo e mais a retomada das atividades de 100% da Hydro, creio que em uma pr\u00f3xima avalia\u00e7\u00e3o do comportamento da economia e do emprego no Estado j\u00e1 haver\u00e1 um cen\u00e1rio apontando para uma rota de crescimento&#8221;, acrescentou Helder Barbalho, aproveitando para refor\u00e7ar sua expectativa de anunciar, ainda este ano, os investidores consolidados para a constru\u00e7\u00e3o dos mais de 700 quil\u00f4metros da Ferrovia Paraense, que ligar\u00e1 Barcarena a Marab\u00e1, e \u00e0 Norte-Sul.<\/p>\n<p>Ele tamb\u00e9m adiantou que em agosto ir\u00e1 \u00e0 China com empres\u00e1rios paraenses para apresentar o Estado a novos investidores e propor mais parcerias.<\/p>\n<p>Sobre a escolha de Marab\u00e1 para sediar o polo, o chefe do Executivo estadual enalteceu o hub log\u00edstico da regi\u00e3o e a proximidade da mina de ferro. &#8220;A articula\u00e7\u00e3o institucional e pol\u00edtica precisa estar compat\u00edvel com a viabilidade do projeto&#8221;, reiterou. &#8220;Ainda mais com as obras do derrocamento do Pedral do Louren\u00e7o garantidas para iniciar em setembro, teremos a navegabilidade plena do Rio Tocantins todos os meses do ano a partir de 2022. Tudo isso monta um cen\u00e1rio favor\u00e1vel&#8221;, afirmou o governador.<\/p>\n<p><strong>Cobran\u00e7a<\/strong> &#8211; Aos parceiros, Helder Barbalho agradeceu a confian\u00e7a no potencial do Estado, mas adiantou que ser\u00e1 firme rumo ao resultado final, lembrando que outros protocolos semelhantes foram firmados em gest\u00f5es passadas e n\u00e3o se concretizaram. &#8220;Podem ter certeza de que o Governo n\u00e3o permitir\u00e1 ou aceitar\u00e1 que este protocolo n\u00e3o saia do papel. Vamos cobrar e fazer nosso dever de casa, garantindo ambiente institucional de seguran\u00e7a jur\u00eddica e atra\u00e7\u00e3o econ\u00f4mica. Trabalharemos para agilizar o processo ambiental, e n\u00e3o mediremos esfor\u00e7os para que toda e qualquer burocracia possa ser eliminada. Estamos falando de um projeto estrat\u00e9gico, estruturante e determinante&#8221;, garantiu.<\/p>\n<p>A t\u00e3o esperada verticaliza\u00e7\u00e3o mineral deve tornar, futuramente, o Par\u00e1 apto tamb\u00e9m a discutir a produ\u00e7\u00e3o da chamada linha branca \u2013 geladeiras e outros eletrodom\u00e9sticos &#8211; e mesmo a de ve\u00edculos. &#8220;Invertemos a l\u00f3gica. Foram 40 anos tirando nossos min\u00e9rios in natura apenas na atividade prim\u00e1ria, para beneficiamento em outros pa\u00edses e estados. Agora \u00e9 perspectiva real de extra\u00e7\u00e3o, oferta e agrega\u00e7\u00e3o de valor&#8221;, pontuou o governador.<\/p>\n<p><strong>Reconhecimento \u2013<\/strong> O diretor-presidente da Vale, Eduardo Bartolomeo, reconheceu a import\u00e2ncia do Par\u00e1 no tamanho que a empresa ostenta hoje. &#8220;Acreditamos que podemos ir al\u00e9m. O Par\u00e1 fez da Vale uma empresa forte, e nosso compromisso \u00e9 contribuir para que o Par\u00e1 prospere&#8221;, assegurou.<\/p>\n<p>Mauro Viegas Neto, presidente executivo da Concremat, lembrou que a tratativa para a assinatura do protocolo de inten\u00e7\u00f5es come\u00e7ou h\u00e1 um ano e meio. &#8220;Temos indica\u00e7\u00f5es positivas de atrativo do empreendimento, al\u00e9m da for\u00e7a e seriedade da parceria. Que esse projeto seja uma alavanca econ\u00f4mica de empregos para a regi\u00e3o&#8221;, refor\u00e7ou.<\/p>\n<p>O prefeito de Marab\u00e1, Ti\u00e3o Miranda, destacou a import\u00e2ncia de o Par\u00e1 seguir na contram\u00e3o do restante do Brasil em um momento de economia inst\u00e1vel. &#8220;\u00c9 importante verticalizar o min\u00e9rio de ferro. Vai gerar emprego e renda, um dos grandes desafios agora nesse Pa\u00eds. Somos privilegiados. N\u00e3o h\u00e1 desenvolvimento sem verticaliza\u00e7\u00e3o&#8221;, disse o gestor municipal.<\/p>\n<p>O senador Jader Barbalho (MDB-PA) disse esperar &#8220;que as gera\u00e7\u00f5es futuras assistam o Par\u00e1 ser festejado e proclamado como um Estado rico e com um povo que usufrui dessa riqueza&#8221;.<\/p>\n","protected":false},"excerpt":{"rendered":"<p>O presidente da Faepa, Carlos Xavier, participou ontem, 23, da cerim\u00f4nia de assinatura do protocolo de inten\u00e7\u00f5es para implanta\u00e7\u00e3o da primeira planta de verticaliza\u00e7\u00e3o de min\u00e9rio de ferro do Par\u00e1, no munic\u00edpio de Marab\u00e1 (regi\u00e3o sudeste). O evento ocorreu no Teatro Maria Sylvia Nunes, na Esta\u00e7\u00e3o das Docas, em Bel\u00e9m. O investimento na implanta\u00e7\u00e3o da [&hellip;]<\/p>\n","protected":false},"author":1,"featured_media":1501,"comment_status":"open","ping_status":"open","sticky":false,"template":"","format":"standard","meta":{"_et_pb_use_builder":"","_et_pb_old_content":"","_et_gb_content_width":"","footnotes":""},"categories":[1],"tags":[],"class_list":["post-1500","post","type-post","status-publish","format-standard","has-post-thumbnail","hentry","category-sem-categoria"],"_links":{"self":[{"href":"https:\/\/sistemafaepa.com.br\/faepa\/wp-json\/wp\/v2\/posts\/1500","targetHints":{"allow":["GET"]}}],"collection":[{"href":"https:\/\/sistemafaepa.com.br\/faepa\/wp-json\/wp\/v2\/posts"}],"about":[{"href":"https:\/\/sistemafaepa.com.br\/faepa\/wp-json\/wp\/v2\/types\/post"}],"author":[{"embeddable":true,"href":"https:\/\/sistemafaepa.com.br\/faepa\/wp-json\/wp\/v2\/users\/1"}],"replies":[{"embeddable":true,"href":"https:\/\/sistemafaepa.com.br\/faepa\/wp-json\/wp\/v2\/comments?post=1500"}],"version-history":[{"count":0,"href":"https:\/\/sistemafaepa.com.br\/faepa\/wp-json\/wp\/v2\/posts\/1500\/revisions"}],"wp:featuredmedia":[{"embeddable":true,"href":"https:\/\/sistemafaepa.com.br\/faepa\/wp-json\/"}],"wp:attachment":[{"href":"https:\/\/sistemafaepa.com.br\/faepa\/wp-json\/wp\/v2\/media?parent=1500"}],"wp:term":[{"taxonomy":"category","embeddable":true,"href":"https:\/\/sistemafaepa.com.br\/faepa\/wp-json\/wp\/v2\/categories?post=1500"},{"taxonomy":"post_tag","embeddable":true,"href":"https:\/\/sistemafaepa.com.br\/faepa\/wp-json\/wp\/v2\/tags?post=1500"}],"curies":[{"name":"wp","href":"https:\/\/api.w.org\/{rel}","templated":true}]}}