{"id":1498,"date":"2019-05-24T14:28:21","date_gmt":"2019-05-24T17:28:21","guid":{"rendered":"http:\/\/sistemafaepa.com.br\/faepa\/2019\/05\/24\/iii-feira-de-profissoes-tera-participacao-do-sistema-faepa-senar\/"},"modified":"2019-05-24T14:28:21","modified_gmt":"2019-05-24T17:28:21","slug":"iii-feira-de-profissoes-tera-participacao-do-sistema-faepa-senar","status":"publish","type":"post","link":"https:\/\/sistemafaepa.com.br\/faepa\/iii-feira-de-profissoes-tera-participacao-do-sistema-faepa-senar\/","title":{"rendered":"III Feira de Profiss\u00f5es ter\u00e1 participa\u00e7\u00e3o do Sistema Faepa\/ Senar"},"content":{"rendered":"<p>Decidir qual profiss\u00e3o seguir e qual a carreira ideal para o seu perfil \u00e9 a d\u00favida da maioria dos jovens que em breve ir\u00e3o prestar vestibular. Para auxiliar os vestibulandos a tirar d\u00favidas e conhecer melhor as profiss\u00f5es, o Col\u00e9gio Equipe promove, no dia 25 de maio, 3\u00aa edi\u00e7\u00e3o da Feira de Profiss\u00f5es, no Shopping Bosque Gr\u00e3o-Par\u00e1.<\/p>\n<p>O evento contar\u00e1 com feira de exposi\u00e7\u00f5es e palestras, e ter\u00e1 a participa\u00e7\u00e3o do Sistema Faepa\/Senar, que levar\u00e1 ao p\u00fablico informa\u00e7\u00f5es sobre a Faculdade CNA, primeira faculdade voltada exclusivamente para o agroneg\u00f3cio. O estande estar\u00e1 divulgando as a\u00e7\u00f5es e servi\u00e7os oferecidos pela institui\u00e7\u00e3o, com foco nas inscri\u00e7\u00f5es para um dos cursos da Faculdade CNA. S\u00e3o eles: Gest\u00e3o do Agroneg\u00f3cio, Processos Gerenciais, Gest\u00e3o Ambiental, Log\u00edstica e Gest\u00e3o de Recursos Humanos.<\/p>\n<p>O p\u00fablico poder\u00e1 conferir os perfis dos cursos ofertados pelas institui\u00e7\u00f5es, campos de atua\u00e7\u00e3o profissional e tirar d\u00favidas relativas aos processos seletivos e formas de ingresso.<\/p>\n<p>Participe!<\/p>\n<p><strong>III Feira de Profiss\u00f5es \u2013 Col\u00e9gio Equipe.<\/strong><\/p>\n<p><strong>Data:<\/strong> 25 de maio.<\/p>\n<p><strong>Hor\u00e1rio:<\/strong> 11h \u00e0s 20h.<\/p>\n<p><strong>Local:<\/strong> Shopping Bosque Gr\u00e3o-Par\u00e1.<\/p>\n","protected":false},"excerpt":{"rendered":"<p>Decidir qual profiss\u00e3o seguir e qual a carreira ideal para o seu perfil \u00e9 a d\u00favida da maioria dos jovens que em breve ir\u00e3o prestar vestibular. Para auxiliar os vestibulandos a tirar d\u00favidas e conhecer melhor as profiss\u00f5es, o Col\u00e9gio Equipe promove, no dia 25 de maio, 3\u00aa edi\u00e7\u00e3o da Feira de Profiss\u00f5es, no Shopping [&hellip;]<\/p>\n","protected":false},"author":1,"featured_media":1499,"comment_status":"open","ping_status":"open","sticky":false,"template":"","format":"standard","meta":{"_et_pb_use_builder":"","_et_pb_old_content":"","_et_gb_content_width":"","footnotes":""},"categories":[1],"tags":[],"class_list":["post-1498","post","type-post","status-publish","format-standard","has-post-thumbnail","hentry","category-sem-categoria"],"_links":{"self":[{"href":"https:\/\/sistemafaepa.com.br\/faepa\/wp-json\/wp\/v2\/posts\/1498","targetHints":{"allow":["GET"]}}],"collection":[{"href":"https:\/\/sistemafaepa.com.br\/faepa\/wp-json\/wp\/v2\/posts"}],"about":[{"href":"https:\/\/sistemafaepa.com.br\/faepa\/wp-json\/wp\/v2\/types\/post"}],"author":[{"embeddable":true,"href":"https:\/\/sistemafaepa.com.br\/faepa\/wp-json\/wp\/v2\/users\/1"}],"replies":[{"embeddable":true,"href":"https:\/\/sistemafaepa.com.br\/faepa\/wp-json\/wp\/v2\/comments?post=1498"}],"version-history":[{"count":0,"href":"https:\/\/sistemafaepa.com.br\/faepa\/wp-json\/wp\/v2\/posts\/1498\/revisions"}],"wp:featuredmedia":[{"embeddable":true,"href":"https:\/\/sistemafaepa.com.br\/faepa\/wp-json\/"}],"wp:attachment":[{"href":"https:\/\/sistemafaepa.com.br\/faepa\/wp-json\/wp\/v2\/media?parent=1498"}],"wp:term":[{"taxonomy":"category","embeddable":true,"href":"https:\/\/sistemafaepa.com.br\/faepa\/wp-json\/wp\/v2\/categories?post=1498"},{"taxonomy":"post_tag","embeddable":true,"href":"https:\/\/sistemafaepa.com.br\/faepa\/wp-json\/wp\/v2\/tags?post=1498"}],"curies":[{"name":"wp","href":"https:\/\/api.w.org\/{rel}","templated":true}]}}