{"id":1497,"date":"2019-05-22T14:02:31","date_gmt":"2019-05-22T17:02:31","guid":{"rendered":"http:\/\/sistemafaepa.com.br\/faepa\/2019\/05\/22\/dia-do-apicultor-faepa-incentiva-atividade-apicola-no-estado-do-para\/"},"modified":"2019-05-22T14:02:31","modified_gmt":"2019-05-22T17:02:31","slug":"dia-do-apicultor-faepa-incentiva-atividade-apicola-no-estado-do-para","status":"publish","type":"post","link":"https:\/\/sistemafaepa.com.br\/faepa\/dia-do-apicultor-faepa-incentiva-atividade-apicola-no-estado-do-para\/","title":{"rendered":"Dia do Apicultor: Faepa incentiva atividade ap\u00edcola no Estado do Par\u00e1"},"content":{"rendered":"<p>Os sais minerais contidos no mel, como c\u00e1lcio, ferro, zinco e magn\u00e9sio e s\u00f3dio s\u00e3o subst\u00e2ncias eletricamente ativas e essenciais para o funcionamento das c\u00e9lulas. No auxilio a produ\u00e7\u00e3o do mel, o trabalho do Apicultor \u00e9 importante para gerar o alimento. Os produtores de abelhas s\u00e3o homenageados dia 22 de maio.<\/p>\n<p>No Par\u00e1 a produ\u00e7\u00e3o do alimento gera em torno de 1.100 toneladas de mel por ano. Diversas regi\u00f5es se destacam na produ\u00e7\u00e3o do mel, contudo a regi\u00e3o do nordeste paraense tem dois munic\u00edpios que est\u00e3o \u00e0 frente da produ\u00e7\u00e3o que s\u00e3o Capit\u00e3o Po\u00e7o e Viseu, e produzem de 15 a 20% de todo o mel do Estado Par\u00e1.<\/p>\n<p>Essa realidade foi estabelecida porque o inicio da produ\u00e7\u00e3o de mel ocorreu a principio no nordeste do Estado pelo potencial que os munic\u00edpios possuem neste setor, e tamb\u00e9m porque v\u00e1rios programas de incentivo a produ\u00e7\u00e3o foram realizados na regi\u00e3o.<\/p>\n<p>O presidente da Fapic, Gerson Morais conta que o Estado j\u00e1 avan\u00e7ou bastante no que refere a comercializa\u00e7\u00e3o de mel. \u201cEntre 10 a 15 anos atr\u00e1s n\u00e3o havia empresas que faziam o processamento para gerar o produtor a ser comercializado, e hoje temos um parque industrial com empresas que fazem esse trabalho. Sendo que atualmente o principal foco dessas empresas \u00e9 o mercado local\u201d, explicou.<\/p>\n<p>Gerson explica ainda que os avan\u00e7os podem ser percebidos em virtude de que no passado o mel vendido em farm\u00e1cias e supermercados era oriundo de outros estados, e atualmente j\u00e1 existe a venda do mel produzido no Estado.<\/p>\n<p><strong>Grupo de Trabalho<\/strong> &#8211; Em aten\u00e7\u00e3o ao desenvolvimento da produ\u00e7\u00e3o de mel no Estado, no dia 14 de maio deste ano, a Federa\u00e7\u00e3o da Agricultura e Pecu\u00e1ria do Par\u00e1 (Faepa) promoveu reuni\u00e3o entre o Grupo de Trabalho proposto pelo Governo do Estado a fim de tra\u00e7ar a\u00e7\u00f5es para a execu\u00e7\u00e3o do Programa de Fomento da Cadeia do Mel.<\/p>\n<p>O presidente da Faepa, Carlos Xavier recebeu representantes da Sedap, Adepar\u00e1, Emater, Senar e produtores de mel. \u201cA defini\u00e7\u00e3o da regi\u00e3o e dos munic\u00edpios a receberem o projeto de Apicultura foi o tema nesse primeiro contato entre as entidades. Nosso objetivo \u00e9 fomentar medidas que visem alavancar a produ\u00e7\u00e3o da Apicultura no Estado\u201d, explicou o presidente da Faepa, Carlos Xavier.<\/p>\n<p><strong>Fruticultura <\/strong>&#8211; A cria\u00e7\u00e3o de abelha se divide em duas grandes \u00e1reas: a apicultura que trata das abelhas com ferr\u00e3o, e a meliponicultura que s\u00e3o as abelhas sem ferr\u00e3o. O mel \u00e9 um produto saud\u00e1vel, rico em prote\u00ednas, fibras e sais minerais. As abelhas procuram nas flores e polinizam as flores o que proporciona a produ\u00e7\u00e3o de flores. Ent\u00e3o para a fruticultura, as abelhas s\u00e3o de fundamental import\u00e2ncia. O Estado se destaca pela produ\u00e7\u00e3o de fruticultura e depende dos polinizadores como as abelhas, e em consequ\u00eancia disso ainda gera a produ\u00e7\u00e3o de mel, pr\u00f3polis e geleia real, que s\u00e3o mat\u00e9rias primas que as abelhas retiram das flores.<\/p>\n","protected":false},"excerpt":{"rendered":"<p>Os sais minerais contidos no mel, como c\u00e1lcio, ferro, zinco e magn\u00e9sio e s\u00f3dio s\u00e3o subst\u00e2ncias eletricamente ativas e essenciais para o funcionamento das c\u00e9lulas. No auxilio a produ\u00e7\u00e3o do mel, o trabalho do Apicultor \u00e9 importante para gerar o alimento. Os produtores de abelhas s\u00e3o homenageados dia 22 de maio. No Par\u00e1 a produ\u00e7\u00e3o [&hellip;]<\/p>\n","protected":false},"author":1,"featured_media":0,"comment_status":"open","ping_status":"open","sticky":false,"template":"","format":"standard","meta":{"_et_pb_use_builder":"","_et_pb_old_content":"","_et_gb_content_width":"","footnotes":""},"categories":[1],"tags":[],"class_list":["post-1497","post","type-post","status-publish","format-standard","hentry","category-sem-categoria"],"_links":{"self":[{"href":"https:\/\/sistemafaepa.com.br\/faepa\/wp-json\/wp\/v2\/posts\/1497","targetHints":{"allow":["GET"]}}],"collection":[{"href":"https:\/\/sistemafaepa.com.br\/faepa\/wp-json\/wp\/v2\/posts"}],"about":[{"href":"https:\/\/sistemafaepa.com.br\/faepa\/wp-json\/wp\/v2\/types\/post"}],"author":[{"embeddable":true,"href":"https:\/\/sistemafaepa.com.br\/faepa\/wp-json\/wp\/v2\/users\/1"}],"replies":[{"embeddable":true,"href":"https:\/\/sistemafaepa.com.br\/faepa\/wp-json\/wp\/v2\/comments?post=1497"}],"version-history":[{"count":0,"href":"https:\/\/sistemafaepa.com.br\/faepa\/wp-json\/wp\/v2\/posts\/1497\/revisions"}],"wp:attachment":[{"href":"https:\/\/sistemafaepa.com.br\/faepa\/wp-json\/wp\/v2\/media?parent=1497"}],"wp:term":[{"taxonomy":"category","embeddable":true,"href":"https:\/\/sistemafaepa.com.br\/faepa\/wp-json\/wp\/v2\/categories?post=1497"},{"taxonomy":"post_tag","embeddable":true,"href":"https:\/\/sistemafaepa.com.br\/faepa\/wp-json\/wp\/v2\/tags?post=1497"}],"curies":[{"name":"wp","href":"https:\/\/api.w.org\/{rel}","templated":true}]}}