{"id":1496,"date":"2019-05-21T19:03:45","date_gmt":"2019-05-21T22:03:45","guid":{"rendered":"http:\/\/sistemafaepa.com.br\/faepa\/2019\/05\/21\/sistema-faepa-senar-sindicatos-orientam-para-pagamento-da-contribuicao-sindical-2\/"},"modified":"2019-05-21T19:03:45","modified_gmt":"2019-05-21T22:03:45","slug":"sistema-faepa-senar-sindicatos-orientam-para-pagamento-da-contribuicao-sindical-2","status":"publish","type":"post","link":"https:\/\/sistemafaepa.com.br\/faepa\/sistema-faepa-senar-sindicatos-orientam-para-pagamento-da-contribuicao-sindical-2\/","title":{"rendered":"Sistema Faepa\/Senar\/ Sindicatos orienta para pagamento da Contribui\u00e7\u00e3o Sindical"},"content":{"rendered":"<p>Pessoas f\u00edsicas e jur\u00eddicas que possuem im\u00f3vel rural com ou sem empregados e\/ou empreendem a qualquer t\u00edtulo, atividade econ\u00f4mica rural, enquadrados como \u201cempres\u00e1rios\u201d ou \u201cempregadores rurais\u201d tem at\u00e9 o dia 22 de maio de 2019 para efetuar o recolhimento da Contribui\u00e7\u00e3o Sindical Rural Pessoa F\u00edsica e Jur\u00eddica referente ao exerc\u00edcio de 2019.<\/p>\n<p>A Confedera\u00e7\u00e3o da Agricultura e Pecu\u00e1ria do Brasil (CNA) e o Sistema Faepa\/Senar\/ Sindicatos Rurais, orientam os produtores para o pagamento das Guias de Recolhimento, pois, apesar de facultativa, \u00e9 ela quem garante \u00e0 atua\u00e7\u00e3o institucional e a luta pelos direitos, reivindica\u00e7\u00f5es e interesses dos produtores rurais, bem como, a realiza\u00e7\u00e3o de a\u00e7\u00f5es importantes para o desenvolvimento do setor agropecu\u00e1rio.<\/p>\n<p>Os recursos da Contribui\u00e7\u00e3o Sindical Patronal Rural s\u00e3o distribu\u00eddos da seguinte forma: 60% para os Sindicatos Rurais; 15% para as Federa\u00e7\u00f5es da Agricultura; 5% para a CNA e 20% para o Minist\u00e9rio do Trabalho e Emprego.<\/p>\n<p>Para emiss\u00e3o de segunda via, acesse o site https:\/\/www.cnabrasil.org.br\/2-via-contribuicao-sindical<\/p>\n<p><strong>A\u00e7\u00f5es e Conquistas<\/strong><\/p>\n<p><strong>Sindicato Rural<\/strong><\/p>\n<p>Os 132 Sindicatos Rurais no estado do Par\u00e1 s\u00e3o a porta de entrada do Sistema Faepa\/Senar em 144 munic\u00edpios. O Senar proporciona a popula\u00e7\u00e3o do campo a\u00e7\u00f5es de Forma\u00e7\u00e3o Profissional Rural, atividades de Promo\u00e7\u00e3o Social, Ensino T\u00e9cnico de N\u00edvel M\u00e9dio, presencial e a dist\u00e2ncia, Forma\u00e7\u00e3o Superior, al\u00e9m de um modelo inovador de Assist\u00eancia T\u00e9cnica e Gerencial. Nos \u00faltimos anos, o Senar mudou a hist\u00f3ria de muita gente do campo e quer continuar transformando vidas.<\/p>\n<p><strong>Forma\u00e7\u00e3o Profissional Rural<\/strong><\/p>\n<p>A Forma\u00e7\u00e3o Profissional Rural (FPR) \u00e9 um processo educativo que possibilita ao homem\/mulher do campo a aquisi\u00e7\u00e3o de conhecimentos, habilidades e atitudes para o exerc\u00edcio de uma ocupa\u00e7\u00e3o. Os objetivos s\u00e3o: capacitar o profissional para o Mercado de Trabalho Rural, possibilitando-lhe o dom\u00ednio da tecnologia atualizada e o gerenciamento do pr\u00f3prio trabalho, de modo que ele alcance a produtividade buscada e a perman\u00eancia no trabalho\/emprego e contribuir para a realiza\u00e7\u00e3o pessoal e profissional do trabalhador, favorecendo lhe a melhoria da qualidade de vida e o exerc\u00edcio pleno da cidadania, com ganhos econ\u00f4micos e sociais. S\u00f3 em 2018, o Senar Par\u00e1 desenvolveu 2.790 a\u00e7\u00f5es de FPR e capacitou 46.944 produtores nas \u00e1reas de Agricultura, Pecu\u00e1ria, Silvicultura, Aquicultura, Extrativismo, Agroind\u00fastria, Atividades de Apoio Agrossilvipastoril e Presta\u00e7\u00e3o de Servi\u00e7os.<\/p>\n<p><strong>Promo\u00e7\u00e3o Social<\/strong><\/p>\n<p>A Promo\u00e7\u00e3o Social (PS) \u00e9 um conjunto de atividades com enfoque educativo que possibilita \u00e0s pessoas do meio rural a aquisi\u00e7\u00e3o de conhecimentos, o desenvolvimento de habilidades pessoais e sociais e mudan\u00e7as de atitudes, favorecendo, assim, uma melhor qualidade de vida e participa\u00e7\u00e3o na comunidade rural. O Senar Par\u00e1 promoveu em 2018, 1694 a\u00e7\u00f5es de PS e atendeu 38.317 pessoas com a\u00e7\u00f5es voltadas a Sa\u00fade, Alimenta\u00e7\u00e3o e Nutri\u00e7\u00e3o, Artesanato, Organiza\u00e7\u00e3o Comunit\u00e1ria, Educa\u00e7\u00e3o e Servi\u00e7os Comunit\u00e1rios.<\/p>\n<p><strong>Forma\u00e7\u00e3o T\u00e9cnica<\/strong><\/p>\n<p>A dist\u00e2ncia n\u00e3o \u00e9 mais impedimento para o brasileiro do meio rural estudar. O Senar firmou parceria com o Minist\u00e9rio da Educa\u00e7\u00e3o (MEC) para levar ao campo a Rede e-Tec Brasil, que oferece educa\u00e7\u00e3o profissional e tecnol\u00f3gica de n\u00edvel m\u00e9dio, gratuita e a dist\u00e2ncia. Com acesso ao conhecimento, quem vive no Brasil rural pode se qualificar para ter sucesso pessoal e profissional. O curso T\u00e9cnico em Agroneg\u00f3cio j\u00e1 formou, somente no estado do Par\u00e1, 302 t\u00e9cnicos de n\u00edvel m\u00e9dio na gest\u00e3o do agroneg\u00f3cio, habilitados para atuar nos diferentes segmentos e cadeias produtivas da agropecu\u00e1ria brasileira. Cerca de 500 alunos est\u00e3o em fase de conclus\u00e3o. S\u00e3o 10 polos espalhados por todo o Par\u00e1, nos munic\u00edpios de Almeirim, Capanema, Marab\u00e1, Moju, Paragominas, Santa B\u00e1rbara do Par\u00e1, Santa Izabel do Par\u00e1, Santar\u00e9m, Ulian\u00f3polis e Xinguara.<\/p>\n<p><strong>Faculdade CNA<\/strong><\/p>\n<p>A Faculdade CNA \u00e9 a primeira faculdade voltada exclusivamente para o agroneg\u00f3cio. Criada pela CNA para formar um profissional de n\u00edvel superior \u00e0 altura da inova\u00e7\u00e3o e tecnologia presentes na agropecu\u00e1ria brasileira, setor l\u00edder em crescimento na economia nacional.<br \/>\nA Faculdade CNA atua na gradua\u00e7\u00e3o, no formato presencial e a dist\u00e2ncia, al\u00e9m de cursos de p\u00f3s-gradua\u00e7\u00e3o lato sensu e extens\u00e3o em \u00e1reas afins. Amparada na grande capilaridade do Servi\u00e7o Nacional de Aprendizagem Rural &#8211; Senar, a Faculdade CNA oferece ensino a dist\u00e2ncia, mas com o diferencial da pr\u00e1tica de campo, onde o aluno vai aplicar no ambiente real da propriedade o conhecimento adquirido no ambiente virtual. No Par\u00e1, o Polo da Faculdade CNA \u00e9 localizado em Santa Izabel do Par\u00e1 e est\u00e1 com inscri\u00e7\u00f5es abertas.<\/p>\n<p><strong>ATeG<\/strong><\/p>\n<p>Assist\u00eancia T\u00e9cnica e Gerencial \u00e9 um modelo in\u00e9dito de presta\u00e7\u00e3o de servi\u00e7os de assist\u00eancia t\u00e9cnica continuada, fundamentada em 5 passos: Diagn\u00f3stico Produtivo Individualizado, Planejamento Estrat\u00e9gico, Adequa\u00e7\u00e3o Tecnol\u00f3gica, Capacita\u00e7\u00e3o Profissional Complementar e Avalia\u00e7\u00e3o Sistem\u00e1tica de Resultados. Desenvolvida pelo Senar com foco na implanta\u00e7\u00e3o de um modelo de opera\u00e7\u00e3o e gest\u00e3o das propriedades rurais, a ATeG envolve todos os processos da cadeia produtiva, possibilitando a realiza\u00e7\u00e3o de a\u00e7\u00f5es efetivas, nas \u00e1reas econ\u00f4mica, social e ambiental, e nos processos de gest\u00e3o de neg\u00f3cio, visando proporcionar a sua evolu\u00e7\u00e3o socioecon\u00f4mica da fam\u00edlia e da comunidade. No Par\u00e1, 240 produtores foram assistidos em 2018 e, 510 j\u00e1 alcan\u00e7ados em 2019, na regi\u00e3o sudeste paraense. A expectativa para este ano compreende a amplia\u00e7\u00e3o das a\u00e7\u00f5es de ATeG para as cadeias produtivas do a\u00e7a\u00ed, cacau, bovinocultura de corte e mel.<\/p>\n<p><strong>EAD<\/strong><\/p>\n<p>O Portal de Educa\u00e7\u00e3o a Dist\u00e2ncia Gratuita do Senar oferece 60 cursos gratuitos e a dist\u00e2ncia visando contribuir com a forma\u00e7\u00e3o e a profissionaliza\u00e7\u00e3o das pessoas do meio rural em todo o territ\u00f3rio nacional. Com seus cursos on-line, amplia o acesso ao conhecimento e abre oportunidades para o aumento da produtividade, da renda e da qualidade de vida dos brasileiros do campo. O aluno matriculado em qualquer curso tem acesso a cartilhas, v\u00eddeo aulas, rede de conhecimento e muitos outros recursos que facilitam o aprendizado. S\u00e3o cursos voltados para as \u00e1reas de Agricultura de Precis\u00e3o, Campo Sustent\u00e1vel, Capacita\u00e7\u00e3o Tecnol\u00f3gica, Empreendedorismo e Gest\u00e3o de Neg\u00f3cios, Gest\u00e3o de Riscos em Sa\u00fade e Seguran\u00e7a do Trabalho Rural, Inclus\u00e3o Digital, Minha Empresa Rural, Produ\u00e7\u00e3o Vegetl e Qualidade Vida, para quem quer estar em dia com as inova\u00e7\u00f5es no setor.<\/p>\n<p><strong>Programas Especiais<\/strong><\/p>\n<p>O Sistema Faepa\/Senar promove cursos e capacita\u00e7\u00f5es para desenvolver compet\u00eancias profissionais e sociais no meio rural. E tem um portf\u00f3lio de programas especiais que atendeu 9.444 pessoas em 2018. Nos \u00faltimos anos, j\u00e1 mudamos a hist\u00f3ria de vida de muita gente e com a sua contribui\u00e7\u00e3o podemos fazer muito mais.<\/p>\n<p><strong>Feiras e Exposi\u00e7\u00f5es<\/strong><\/p>\n<p>O Sistema Faepa\/ Senar marca presen\u00e7a nas feiras e exposi\u00e7\u00f5es agropecu\u00e1rias, que s\u00e3o uma vitrine do setor, oportunizando a gera\u00e7\u00e3o de neg\u00f3cios, emprego e renda. Al\u00e9m disso, s\u00e3o nas feiras e exposi\u00e7\u00f5es que os produtores aproveitam para trocar experi\u00eancias, conhecimentos e informa\u00e7\u00f5es.<\/p>\n<p><strong>Instrutoria<\/strong><\/p>\n<p>Diversos agentes atuam no processo de planejamento, operacionaliza\u00e7\u00e3o e avalia\u00e7\u00e3o da a\u00e7\u00e3o educativa do Senar. S\u00e3o os Superintendentes e as equipes t\u00e9cnicas das Administra\u00e7\u00f5es Regionais, os supervisores, os instrutores e os mobilizadores. Cada um com importantes e espec\u00edficas fun\u00e7\u00f5es, que se complementam para atender \u00e0s necessidades do p\u00fablico com qualidade.<br \/>\nO agente \u201cInstrutor\u201d \u00e9 o mediador do conhecimento e da pr\u00e1tica profissional junto aos participantes dos eventos. S\u00e3o profissionais multidisciplinares, como agr\u00f4nomos, veterin\u00e1rios, zootecnistas, t\u00e9cnicos agr\u00edcolas, artes\u00e3os, profissionais da sa\u00fade, etc., que ajudam a fazer a diferen\u00e7a no campo.<\/p>\n<p><strong>Renegocia\u00e7\u00e3o de D\u00edvidas<\/strong><\/p>\n<p>A\u00e7\u00f5es que visem o desenvolvimento do trabalho do produtor rural est\u00e3o entre as prioridades da Fede-ra\u00e7\u00e3o da Agricultura e Pecu\u00e1ria do Par\u00e1 (Faepa). Como forma de proporcionar facilidades para o cres-cimento do setor, a Faepa j\u00e1 obteve avan\u00e7os no sentido de intervir para que o produtor rural possa realizar com mais rapidez as renegocia\u00e7\u00f5es de dividas do setor. Para isso, a Federa\u00e7\u00e3o mant\u00e9m reuni-\u00f5es constantes com o Banco da Amaz\u00f4nia e j\u00e1 estuda a possibilidade para a forma\u00e7\u00e3o de um Grupo de Trabalho composto por uma equipe do Banpar\u00e1 e da Faepa, com a finalidade de viabilizar novas nego-cia\u00e7\u00f5es dos d\u00e9bitos rurais. Al\u00e9m disso, o Governo Federal atendeu \u00e0 reivindica\u00e7\u00e3o do setor agropecu\u00e1-rio e autorizou a prorroga\u00e7\u00e3o, at\u00e9 30 de dezembro de 2019 da lei 13.340\/2016, visando a concess\u00e3o de benef\u00edcios para renegocia\u00e7\u00e3o ou liquida\u00e7\u00e3o de d\u00edvidas de opera\u00e7\u00f5es de cr\u00e9dito rural contratadas por produtores at\u00e9 31\/12\/2010. Esta medida foi poss\u00edvel gra\u00e7as \u00e0 atua\u00e7\u00e3o da CNA e Faepa, como apoio das das bancadas federal das regi\u00f5es Norte e Nordeste no Legislativo.<\/p>\n<p><strong>Cr\u00e9dito Rural<\/strong><\/p>\n<p>Viabilizar acesso ao cr\u00e9dito rural \u00e9 de extrema import\u00e2ncia para que os projetos dos produtores rurais sejam efetivados de forma a obter resultados que proporcionem o crescimento do Agroneg\u00f3cio no Estado. O maior aplicador de recursos do Estado \u00e9 o Banco da Amaz\u00f4nia, em seguida o Banco do Brasil, no entanto em virtude da busca de novas parcerias, a Federa\u00e7\u00e3o da Agricultura e Pecu\u00e1ria do Par\u00e1 (Faepa) vem acompanhando o surgimento de novas possibilidades para garantir cr\u00e9dito ao produtor rural com a inser\u00e7\u00e3o dos bancos particulares, como Santander, Bradesco, Safra e Ita\u00fa a fim de disponibilizarem empr\u00e9stimos para o estimulo ao setor rural proporcionando atendimento r\u00e1pido e juros semelhantes a bancos como da Amaz\u00f4nia e do Brasil.<\/p>\n<p><strong>Seguran\u00e7a no Campo<\/strong><\/p>\n<p>A CNA conseguiu incluir o tema da criminalidade no campo no Plano Nacional de Seguran\u00e7a P\u00fablica e Defesa Social, e vai subsidiar e ajudar o governo na elabora\u00e7\u00e3o de medidas de preven\u00e7\u00e3o e controle da viol\u00eancia no meio rural. Para ajudar nessa a\u00e7\u00e3o, a CNA entregou ao ministro da Seguran\u00e7a P\u00fablica, Raul Jungmann, e ao presidente da C\u00e2mara dos Deputados, Rodrigo Maia (DEM-RJ), o \u201cEstudo sobre a Criminalidade no Campo\u201d feito a partir de estat\u00edstica do Instituto CNA. A Federa\u00e7\u00e3o da Agricultura e Pecu\u00e1ria do Par\u00e1 (Faepa) atua no \u00e2mbito rural do Estado por meio do encaminhamento de um Protocolo de Inten\u00e7\u00f5es ao Governo do Estado, com a finalidade de ampliar as a\u00e7\u00f5es das chamadas Patrulha Rural, estrat\u00e9gia de preven\u00e7\u00e3o e enfrentamento \u00e0 criminalidade no campo. Em 2019 h\u00e1 a ainda a previs\u00e3o da implanta\u00e7\u00e3o do aplicativo conforme o Observat\u00f3rio no Campo, que permite o registro de ocorr\u00eancia georeferenciada, com dados de tipifica\u00e7\u00e3o do il\u00edcito (dia, hora e local), assim como a possibilidade de anexar fotos relacionadas ao registro da ocorr\u00eancia. Neste ano, a Faepa lan\u00e7ar\u00e1 um protocolo com orienta\u00e7\u00f5es relacionadas aos procedimentos cab\u00edveis em casos de crimes em propriedades rurais. A Federa\u00e7\u00e3o disp\u00f5e ainda de um setor que orienta sobre os processos judiciais referentes aos casos ocorridos no setor rural.<\/p>\n<p><strong>Outras:<\/strong><\/p>\n<p><strong>Log\u00edstica e Infraestrutura<\/strong><br \/>\n<strong>Quest\u00f5es Trabalhistas<\/strong><br \/>\n<strong>Defesa Agropecu\u00e1ria<\/strong><br \/>\n<strong>Custos de Produ\u00e7\u00e3o<\/strong><br \/>\n<strong>Seguran\u00e7a Jur\u00eddica<\/strong><br \/>\n<strong>Comiss\u00f5es T\u00e9cnicas <\/strong><br \/>\n<strong>Comunica\u00e7\u00e3o<\/strong><\/p>\n<p>&nbsp;<\/p>\n<p>&nbsp;<\/p>\n","protected":false},"excerpt":{"rendered":"<p>Pessoas f\u00edsicas e jur\u00eddicas que possuem im\u00f3vel rural com ou sem empregados e\/ou empreendem a qualquer t\u00edtulo, atividade econ\u00f4mica rural, enquadrados como \u201cempres\u00e1rios\u201d ou \u201cempregadores rurais\u201d tem at\u00e9 o dia 22 de maio de 2019 para efetuar o recolhimento da Contribui\u00e7\u00e3o Sindical Rural Pessoa F\u00edsica e Jur\u00eddica referente ao exerc\u00edcio de 2019. A Confedera\u00e7\u00e3o da [&hellip;]<\/p>\n","protected":false},"author":1,"featured_media":0,"comment_status":"open","ping_status":"open","sticky":false,"template":"","format":"standard","meta":{"_et_pb_use_builder":"","_et_pb_old_content":"","_et_gb_content_width":"","footnotes":""},"categories":[1],"tags":[],"class_list":["post-1496","post","type-post","status-publish","format-standard","hentry","category-sem-categoria"],"_links":{"self":[{"href":"https:\/\/sistemafaepa.com.br\/faepa\/wp-json\/wp\/v2\/posts\/1496","targetHints":{"allow":["GET"]}}],"collection":[{"href":"https:\/\/sistemafaepa.com.br\/faepa\/wp-json\/wp\/v2\/posts"}],"about":[{"href":"https:\/\/sistemafaepa.com.br\/faepa\/wp-json\/wp\/v2\/types\/post"}],"author":[{"embeddable":true,"href":"https:\/\/sistemafaepa.com.br\/faepa\/wp-json\/wp\/v2\/users\/1"}],"replies":[{"embeddable":true,"href":"https:\/\/sistemafaepa.com.br\/faepa\/wp-json\/wp\/v2\/comments?post=1496"}],"version-history":[{"count":0,"href":"https:\/\/sistemafaepa.com.br\/faepa\/wp-json\/wp\/v2\/posts\/1496\/revisions"}],"wp:attachment":[{"href":"https:\/\/sistemafaepa.com.br\/faepa\/wp-json\/wp\/v2\/media?parent=1496"}],"wp:term":[{"taxonomy":"category","embeddable":true,"href":"https:\/\/sistemafaepa.com.br\/faepa\/wp-json\/wp\/v2\/categories?post=1496"},{"taxonomy":"post_tag","embeddable":true,"href":"https:\/\/sistemafaepa.com.br\/faepa\/wp-json\/wp\/v2\/tags?post=1496"}],"curies":[{"name":"wp","href":"https:\/\/api.w.org\/{rel}","templated":true}]}}