{"id":1489,"date":"2019-05-20T14:08:14","date_gmt":"2019-05-20T17:08:14","guid":{"rendered":"http:\/\/sistemafaepa.com.br\/faepa\/2019\/05\/20\/alepa-cria-comissao-que-vai-modernizar-o-setor-tributario-no-estado\/"},"modified":"2019-05-20T14:08:14","modified_gmt":"2019-05-20T17:08:14","slug":"alepa-cria-comissao-que-vai-modernizar-o-setor-tributario-no-estado","status":"publish","type":"post","link":"https:\/\/sistemafaepa.com.br\/faepa\/alepa-cria-comissao-que-vai-modernizar-o-setor-tributario-no-estado\/","title":{"rendered":"Alepa cria Comiss\u00e3o que vai modernizar o setor tribut\u00e1rio no Estado"},"content":{"rendered":"<p>O presidente da Assembleia Legislativa do Estado do Par\u00e1, deputado Dr. Daniel Santos, assinou na noite de sexta-feira (17.05), no Centro de Conven\u00e7\u00f5es (Hangar), durante a XIX Feira da Industria (FIPA), o Ato de cria\u00e7\u00e3o da Comiss\u00e3o de Estudos. A Comiss\u00e3o foi criada para analisar a incid\u00eancia tribut\u00e1ria sobre os setores econ\u00f4micos e avaliar propostas de moderniza\u00e7\u00e3o tribut\u00e1ria no Estado do Par\u00e1.<\/p>\n<p>A Comiss\u00e3o ter\u00e1 120 dias para p\u00f4r em pr\u00e1tica sua finalidade e visa esclarecer: as diferentes al\u00edquotas de ICMS para produtos similares na comercializa\u00e7\u00e3o interna ou entre Estados da federa\u00e7\u00e3o, os incentivos camuflados, como empr\u00e9stimos em juros subsidiados, prazos especiais de recolhimento, cr\u00e9ditos presumidos, a desonera\u00e7\u00e3o da ind\u00fastria do pagamento de ICMS para aquisi\u00e7\u00e3o de equipamentos, e o regime especial para a importa\u00e7\u00e3o com isen\u00e7\u00e3o de ICMS no Estado para incentivar a entrada de produtos industrializados no Par\u00e1.<\/p>\n<p>Segundo o presidente da Alepa, deputado Dr. Daniel Santos, este ato criar\u00e1 um novo e revolucion\u00e1rio modelo de arrecada\u00e7\u00e3o tributaria para o nosso Estado. \u201cA Assembleia Legislativa, junto com o Governo do Estado, vai discutir com empres\u00e1rios para que haja um denominador comum para o crescimento do Par\u00e1\u201d, avaliou o chefe do Parlamento Estadual.<\/p>\n<p>\u201cA Assembleia Legislativa, atrav\u00e9s do presidente, deputado Dr. Daniel Santos, trouxe essa mensagem para a Feira da Ind\u00fastria. Isso mostra que o Parlamento caminha lado a lado com o setor produtivo do Estado, trazendo a cria\u00e7\u00e3o de uma comiss\u00e3o para buscar a melhoria da rela\u00e7\u00e3o do setor produtivo com o Estado\u201d,\u00a0disse o Secret\u00e1rio de Desenvolvimento Econ\u00f4mico, Minera\u00e7\u00e3o e Energia, Iran Lima.<\/p>\n<p>\u201cDemos entrada na casa Legislativa de uma comiss\u00e3o de moderniza\u00e7\u00e3o tribut\u00e1ria, pra que possamos verticalizar a renda e o emprego no estado. \u00c9 importante ter o incentivo para o setor produtivo. No requerimento que dei entrada na Alepa, dia 09 de Abril, um dos pontos\u00a0que\u00a0apresento como forma de esclarecer para a sociedade\u00a0que essa Comiss\u00e3o\u00a0\u00e9 importante \u00e9\u00a0a quest\u00e3o da revis\u00e3o das taxas estaduais e a suspens\u00e3o de taxas sem finalidade espec\u00edfica, assim como a revis\u00e3o\u00a0de\u00a0d\u00edvidas ativas para pequenas empresas\u201d, esclareceu o deputado F\u00e1bio Freitas.<\/p>\n<p>Os parlamentares que ir\u00e3o compor a comiss\u00e3o s\u00e3o: F\u00e1bio Freitas, autor da proposi\u00e7\u00e3o, Alex Santiago, Ana Cunha, Martinho Carmona e Michele Begot. Na pr\u00f3xima Sess\u00e3o Deliberativa da Alepa (21.05), os deputados dar\u00e3o inicio aos trabalhos da Comiss\u00e3o.<\/p>\n<p>No Ato da Assinatura\u00a0estavam presentes os representantes dos segmentos empresariais do Estado do Par\u00e1, entre eles:\u00a0Jos\u00e9 Conrado, presidente da Fiepa, Nilton Lobato, gerente comercial do jornal Di\u00e1rio do Par\u00e1, Rita Ar\u00eaas, vice-presidente da Feira da Ind\u00fastria\u00a0e Carlos Xavier, presidente da Faepa.<\/p>\n","protected":false},"excerpt":{"rendered":"<p>O presidente da Assembleia Legislativa do Estado do Par\u00e1, deputado Dr. Daniel Santos, assinou na noite de sexta-feira (17.05), no Centro de Conven\u00e7\u00f5es (Hangar), durante a XIX Feira da Industria (FIPA), o Ato de cria\u00e7\u00e3o da Comiss\u00e3o de Estudos. A Comiss\u00e3o foi criada para analisar a incid\u00eancia tribut\u00e1ria sobre os setores econ\u00f4micos e avaliar propostas [&hellip;]<\/p>\n","protected":false},"author":1,"featured_media":1490,"comment_status":"open","ping_status":"open","sticky":false,"template":"","format":"standard","meta":{"_et_pb_use_builder":"","_et_pb_old_content":"","_et_gb_content_width":"","footnotes":""},"categories":[1],"tags":[],"class_list":["post-1489","post","type-post","status-publish","format-standard","has-post-thumbnail","hentry","category-sem-categoria"],"_links":{"self":[{"href":"https:\/\/sistemafaepa.com.br\/faepa\/wp-json\/wp\/v2\/posts\/1489","targetHints":{"allow":["GET"]}}],"collection":[{"href":"https:\/\/sistemafaepa.com.br\/faepa\/wp-json\/wp\/v2\/posts"}],"about":[{"href":"https:\/\/sistemafaepa.com.br\/faepa\/wp-json\/wp\/v2\/types\/post"}],"author":[{"embeddable":true,"href":"https:\/\/sistemafaepa.com.br\/faepa\/wp-json\/wp\/v2\/users\/1"}],"replies":[{"embeddable":true,"href":"https:\/\/sistemafaepa.com.br\/faepa\/wp-json\/wp\/v2\/comments?post=1489"}],"version-history":[{"count":0,"href":"https:\/\/sistemafaepa.com.br\/faepa\/wp-json\/wp\/v2\/posts\/1489\/revisions"}],"wp:featuredmedia":[{"embeddable":true,"href":"https:\/\/sistemafaepa.com.br\/faepa\/wp-json\/"}],"wp:attachment":[{"href":"https:\/\/sistemafaepa.com.br\/faepa\/wp-json\/wp\/v2\/media?parent=1489"}],"wp:term":[{"taxonomy":"category","embeddable":true,"href":"https:\/\/sistemafaepa.com.br\/faepa\/wp-json\/wp\/v2\/categories?post=1489"},{"taxonomy":"post_tag","embeddable":true,"href":"https:\/\/sistemafaepa.com.br\/faepa\/wp-json\/wp\/v2\/tags?post=1489"}],"curies":[{"name":"wp","href":"https:\/\/api.w.org\/{rel}","templated":true}]}}