{"id":1468,"date":"2019-05-14T14:12:14","date_gmt":"2019-05-14T17:12:14","guid":{"rendered":"http:\/\/sistemafaepa.com.br\/faepa\/2019\/05\/14\/faepa-promove-reuniao-com-grupo-de-trabalho-da-cadeia-produtiva-do-mel\/"},"modified":"2019-05-14T14:12:14","modified_gmt":"2019-05-14T17:12:14","slug":"faepa-promove-reuniao-com-grupo-de-trabalho-da-cadeia-produtiva-do-mel","status":"publish","type":"post","link":"https:\/\/sistemafaepa.com.br\/faepa\/faepa-promove-reuniao-com-grupo-de-trabalho-da-cadeia-produtiva-do-mel\/","title":{"rendered":"Faepa promove reuni\u00e3o com Grupo de Trabalho da Cadeia Produtiva do Mel"},"content":{"rendered":"<p>Medidas que visem alavancar e fomentar a produ\u00e7\u00e3o da Apicultura no Estado foi o principal objetivo da reuni\u00e3o realizada nesta ter\u00e7a-feira, 14, na sede da Federa\u00e7\u00e3o da Agricultura e Pecu\u00e1ria do Par\u00e1 (Faepa), entre o Grupo de Trabalho proposto pelo Governo do Estado a fim de tra\u00e7ar a\u00e7\u00f5es para a execu\u00e7\u00e3o do Programa de Fomento da Cadeia Produtiva do Mel. O presidente da Faepa, Carlos Xavier recebeu representantes da Sedap, Adepar\u00e1, Emater, Senar e produtores. A defini\u00e7\u00e3o da regi\u00e3o e dos munic\u00edpios a receberem o projeto de Apicultura norteou as discuss\u00f5es. Na pr\u00f3xima reuni\u00e3o ser\u00e3o apresentados os resultados da an\u00e1lise inicial do Grupo de Trabalho.<\/p>\n","protected":false},"excerpt":{"rendered":"<p>Medidas que visem alavancar e fomentar a produ\u00e7\u00e3o da Apicultura no Estado foi o principal objetivo da reuni\u00e3o realizada nesta ter\u00e7a-feira, 14, na sede da Federa\u00e7\u00e3o da Agricultura e Pecu\u00e1ria do Par\u00e1 (Faepa), entre o Grupo de Trabalho proposto pelo Governo do Estado a fim de tra\u00e7ar a\u00e7\u00f5es para a execu\u00e7\u00e3o do Programa de Fomento [&hellip;]<\/p>\n","protected":false},"author":1,"featured_media":0,"comment_status":"open","ping_status":"open","sticky":false,"template":"","format":"standard","meta":{"_et_pb_use_builder":"","_et_pb_old_content":"","_et_gb_content_width":"","footnotes":""},"categories":[1],"tags":[],"class_list":["post-1468","post","type-post","status-publish","format-standard","hentry","category-sem-categoria"],"_links":{"self":[{"href":"https:\/\/sistemafaepa.com.br\/faepa\/wp-json\/wp\/v2\/posts\/1468","targetHints":{"allow":["GET"]}}],"collection":[{"href":"https:\/\/sistemafaepa.com.br\/faepa\/wp-json\/wp\/v2\/posts"}],"about":[{"href":"https:\/\/sistemafaepa.com.br\/faepa\/wp-json\/wp\/v2\/types\/post"}],"author":[{"embeddable":true,"href":"https:\/\/sistemafaepa.com.br\/faepa\/wp-json\/wp\/v2\/users\/1"}],"replies":[{"embeddable":true,"href":"https:\/\/sistemafaepa.com.br\/faepa\/wp-json\/wp\/v2\/comments?post=1468"}],"version-history":[{"count":0,"href":"https:\/\/sistemafaepa.com.br\/faepa\/wp-json\/wp\/v2\/posts\/1468\/revisions"}],"wp:attachment":[{"href":"https:\/\/sistemafaepa.com.br\/faepa\/wp-json\/wp\/v2\/media?parent=1468"}],"wp:term":[{"taxonomy":"category","embeddable":true,"href":"https:\/\/sistemafaepa.com.br\/faepa\/wp-json\/wp\/v2\/categories?post=1468"},{"taxonomy":"post_tag","embeddable":true,"href":"https:\/\/sistemafaepa.com.br\/faepa\/wp-json\/wp\/v2\/tags?post=1468"}],"curies":[{"name":"wp","href":"https:\/\/api.w.org\/{rel}","templated":true}]}}