{"id":1459,"date":"2019-05-10T17:14:50","date_gmt":"2019-05-10T20:14:50","guid":{"rendered":"http:\/\/sistemafaepa.com.br\/faepa\/2019\/05\/10\/instrutora-do-senar-para-ganha-premio-rural-sustentavel\/"},"modified":"2019-05-10T17:14:50","modified_gmt":"2019-05-10T20:14:50","slug":"instrutora-do-senar-para-ganha-premio-rural-sustentavel","status":"publish","type":"post","link":"https:\/\/sistemafaepa.com.br\/faepa\/instrutora-do-senar-para-ganha-premio-rural-sustentavel\/","title":{"rendered":"Instrutora do Senar Par\u00e1 ganha pr\u00eamio Rural Sustent\u00e1vel"},"content":{"rendered":"<p>Com o prop\u00f3sito de reconhecer as boas pr\u00e1ticas de inova\u00e7\u00e3o e produ\u00e7\u00e3o sustent\u00e1veis para a melhoria da gest\u00e3o das terras e das florestas por agricultores nos biomas Amaz\u00f4nia e Mata Atl\u00e2ntica, o Projeto Rural Sustent\u00e1vel premiou na \u00faltima segunda-feira, 6, os ganhadores do <em>Pr\u00eamio Rural Sustent\u00e1vel: Sustentabilidade para o Desenvolvimento Rural, <\/em>entres eles a instrutora t\u00e9cnica do Servi\u00e7o Nacional de Aprendizagem Rural \u00a0&#8211; Senar Par\u00e1, Susane Mendes Cardoso.<\/p>\n<p>O pr\u00eamio conquistado por Susane se deu em virtude do reconhecimento do seu trabalho na regi\u00e3o nordeste paraense, com a iniciativa denominada \u201cAbelha Verde\u201d que atende 20 fam\u00edlias de produtores rurais moradoras de um assentamento no munic\u00edpio de Paragominas.<\/p>\n<p>O projeto de Apicultura obteve bastante crescimento, sendo que os produtos j\u00e1 possuem r\u00f3tulos pr\u00f3prios, visibilidade e espa\u00e7o no mercado. O projeto foi desenvolvido por meio de uma parceria da Prefeitura Municipal de Paragominas e o Senar.<\/p>\n<p>Susane comenta que n\u00e3o se sente envaidecida com o pr\u00eamio, mas que \u201cd\u00e1 uma responsabilidade muito grande em continuar com este trabalho que s\u00f3 veio refor\u00e7ar o meu compromisso com o pequeno produtor\u201d, enfatizou.<\/p>\n<p>Segundo o gerente regional de Assist\u00eancia T\u00e9cnica e Gerencial do Senar, D\u00e1cio Carvalho, Susane demostrou ter aptid\u00e3o para o trabalho empreendedor, e por conta disso foi convidada para contribuir como instutora t\u00e9cnica do Senar no Projeto Rural Sustent\u00e1vel.<\/p>\n<p>\u201cO trabalho do Senar tem como objetivo melhorar a vida do produtor rural e o desenvolvimento do projeto de Susane com o apoio do Senar obteve muitos resultados nesse sentido. O pr\u00eamio dedicado a ela foi totalmente merecido\u201d, destacou D\u00e1cio.<\/p>\n<p>&nbsp;<\/p>\n<p><strong>Sobre o Projeto<\/strong><\/p>\n<p>O Projeto Rural Sustent\u00e1vel visa incentivar o desenvolvimento rural sustent\u00e1vel e a conserva\u00e7\u00e3o da biodiversidade, por meio da implementa\u00e7\u00e3o de tecnologias de baixa emiss\u00e3o de carbono. Os resultados contribuem para o cumprimento dos objetivos do Plano de Agricultura de Baixa Emiss\u00e3o de Carbono (Plano ABC), com o fomento da implanta\u00e7\u00e3o dessas tecnologias\u00a0produtivas em propriedades rurais.<\/p>\n<p>O Rural Sustent\u00e1vel \u00e9 uma parceria entre o Minist\u00e9rio da Agricultura, Pecu\u00e1ria e Abastecimento, o governo brit\u00e2nico, o Banco Interamericano de Desenvolvimento (BID), tendo como implementador o Instituto Brasileiro de Desenvolvimento e Sustentabilidade (IABS), com o apoio t\u00e9cnico da Empresa Brasileira de Pesquisa Agropecu\u00e1ria (Embrapa) e do Banco do Brasil.<\/p>\n<p>Entre as metas alcan\u00e7adas, o Projeto promoveu o treinamento de quase 3 mil agentes de assist\u00eancia t\u00e9cnica, a capacita\u00e7\u00e3o de cerca de 25 mil produtores rurais, a realiza\u00e7\u00e3o de mais de 1 mil Dias de Campo, al\u00e9m do apoio direto para mais de 46 mil hectares de implementa\u00e7\u00e3o de tecnologias de agricultura de baixa emiss\u00e3o de carbono e conserva\u00e7\u00e3o\u00a0florestal.<\/p>\n<p><strong>Pr\u00eamio<\/strong><\/p>\n<p>A Comiss\u00e3o Julgadora do pr\u00eamio foi composta por membros do Mapa, do BID, da Embrapa, al\u00e9m de representantes de universidades e entidades ligadas ao setor. Foram premiados produtores, agentes de assist\u00eancia t\u00e9cnica e institui\u00e7\u00f5es de assist\u00eancia t\u00e9cnica e extens\u00e3o rural em diversas categorias, como Inova\u00e7\u00e3o e Experimenta\u00e7\u00e3o, Gera\u00e7\u00e3o de Renda e Trabalho, Conserva\u00e7\u00e3o, Inclus\u00e3o de G\u00eanero, Vincula\u00e7\u00e3o e Continua\u00e7\u00e3o de Pol\u00edticas P\u00fablicas e Incentivo \u00e0s Pr\u00e1ticas Cooperativistas.<\/p>\n<p><strong>Confira algumas imagens da premia\u00e7\u00e3o<\/strong><\/p>\n<p><img loading=\"lazy\" decoding=\"async\" class=\"alignnone size-medium wp-image-1460\" src=\"https:\/\/sistemafaepa.com.br\/faepa\/wp-content\/uploads\/sites\/5\/2019\/05\/47d1d6d3-ef40-439d-9386-6896f412eacc-300x225.jpg\" alt=\"\" width=\"300\" height=\"225\" \/><\/p>\n<p><img loading=\"lazy\" decoding=\"async\" class=\"alignnone size-medium wp-image-1462\" src=\"https:\/\/sistemafaepa.com.br\/faepa\/wp-content\/uploads\/sites\/5\/2019\/05\/b2553b94-c5be-4c66-93e7-175ebea3f531-232x300.jpg\" alt=\"\" width=\"232\" height=\"300\" \/><\/p>\n<p><img loading=\"lazy\" decoding=\"async\" class=\"alignnone size-medium wp-image-1464\" src=\"https:\/\/sistemafaepa.com.br\/faepa\/wp-content\/uploads\/sites\/5\/2019\/05\/f6032f1d-e264-4d04-9882-c0dddb6ba5eb-215x300.jpg\" alt=\"\" width=\"215\" height=\"300\" \/><\/p>\n<p>&nbsp;<\/p>\n<p>&nbsp;<\/p>\n","protected":false},"excerpt":{"rendered":"<p>Com o prop\u00f3sito de reconhecer as boas pr\u00e1ticas de inova\u00e7\u00e3o e produ\u00e7\u00e3o sustent\u00e1veis para a melhoria da gest\u00e3o das terras e das florestas por agricultores nos biomas Amaz\u00f4nia e Mata Atl\u00e2ntica, o Projeto Rural Sustent\u00e1vel premiou na \u00faltima segunda-feira, 6, os ganhadores do Pr\u00eamio Rural Sustent\u00e1vel: Sustentabilidade para o Desenvolvimento Rural, entres eles a instrutora [&hellip;]<\/p>\n","protected":false},"author":1,"featured_media":1466,"comment_status":"open","ping_status":"open","sticky":false,"template":"","format":"standard","meta":{"_et_pb_use_builder":"","_et_pb_old_content":"","_et_gb_content_width":"","footnotes":""},"categories":[1],"tags":[],"class_list":["post-1459","post","type-post","status-publish","format-standard","has-post-thumbnail","hentry","category-sem-categoria"],"_links":{"self":[{"href":"https:\/\/sistemafaepa.com.br\/faepa\/wp-json\/wp\/v2\/posts\/1459","targetHints":{"allow":["GET"]}}],"collection":[{"href":"https:\/\/sistemafaepa.com.br\/faepa\/wp-json\/wp\/v2\/posts"}],"about":[{"href":"https:\/\/sistemafaepa.com.br\/faepa\/wp-json\/wp\/v2\/types\/post"}],"author":[{"embeddable":true,"href":"https:\/\/sistemafaepa.com.br\/faepa\/wp-json\/wp\/v2\/users\/1"}],"replies":[{"embeddable":true,"href":"https:\/\/sistemafaepa.com.br\/faepa\/wp-json\/wp\/v2\/comments?post=1459"}],"version-history":[{"count":0,"href":"https:\/\/sistemafaepa.com.br\/faepa\/wp-json\/wp\/v2\/posts\/1459\/revisions"}],"wp:featuredmedia":[{"embeddable":true,"href":"https:\/\/sistemafaepa.com.br\/faepa\/wp-json\/"}],"wp:attachment":[{"href":"https:\/\/sistemafaepa.com.br\/faepa\/wp-json\/wp\/v2\/media?parent=1459"}],"wp:term":[{"taxonomy":"category","embeddable":true,"href":"https:\/\/sistemafaepa.com.br\/faepa\/wp-json\/wp\/v2\/categories?post=1459"},{"taxonomy":"post_tag","embeddable":true,"href":"https:\/\/sistemafaepa.com.br\/faepa\/wp-json\/wp\/v2\/tags?post=1459"}],"curies":[{"name":"wp","href":"https:\/\/api.w.org\/{rel}","templated":true}]}}