{"id":1455,"date":"2019-05-09T14:54:56","date_gmt":"2019-05-09T17:54:56","guid":{"rendered":"http:\/\/sistemafaepa.com.br\/faepa\/2019\/05\/09\/faculdade-cna-abre-inscricoes-para-cursos-a-distancia\/"},"modified":"2019-05-09T14:54:56","modified_gmt":"2019-05-09T17:54:56","slug":"faculdade-cna-abre-inscricoes-para-cursos-a-distancia","status":"publish","type":"post","link":"https:\/\/sistemafaepa.com.br\/faepa\/faculdade-cna-abre-inscricoes-para-cursos-a-distancia\/","title":{"rendered":"Faculdade CNA abre inscri\u00e7\u00f5es para cursos a dist\u00e2ncia"},"content":{"rendered":"<p style=\"font-weight: 400\"><em>Institui\u00e7\u00e3o \u00e9 pioneira na forma\u00e7\u00e3o de gestores para o agroneg\u00f3cio brasileiro<\/em><\/p>\n<p style=\"font-weight: 400\">\n<p style=\"font-weight: 400\">Est\u00e3o abertas as<strong>\u00a0<\/strong>inscri\u00e7\u00f5es para os cursos de ensino superior a dist\u00e2ncia em Gest\u00e3o do Agroneg\u00f3cio, Gest\u00e3o Ambiental, Gest\u00e3o de Recursos Humanos e Processos Gerenciais da Faculdade CNA. A institui\u00e7\u00e3o \u00e9 pioneira na forma\u00e7\u00e3o de profissionais para atuar no agroneg\u00f3cio.<\/p>\n<p style=\"font-weight: 400\">O setor agropecu\u00e1rio brasileiro \u00e9 respons\u00e1vel por 20,6% do Produto Interno Brasileiro (PIB), 32,3% dos empregos e metade das exporta\u00e7\u00f5es brasileiras, dando expressiva contribui\u00e7\u00e3o para a economia do Pa\u00eds.<\/p>\n<p style=\"font-weight: 400\">Diante desse panorama, a Faculdade CNA atua na forma\u00e7\u00e3o de profissionais focados na gest\u00e3o, aumento de competitividade e sustentabilidade dos empreendimentos rurais para que possam auxiliar os produtores no plantio, manejo e comercializa\u00e7\u00e3o de seus produtos.<\/p>\n<p style=\"font-weight: 400\">Os interessados t\u00eam a op\u00e7\u00e3o de ingressar usando o Boletim de Desempenho do Exame Nacional de Ensino M\u00e9dio (Enem), com nota igual ou superior a 250 pontos em um dos exames a partir de 2014.<\/p>\n<p style=\"font-weight: 400\">As pessoas que j\u00e1 t\u00eam um curso superior podem participar do processo seletivo por meio de an\u00e1lise documental.<\/p>\n<p style=\"font-weight: 400\">O candidato que optar pelo vestibular precisa comparecer ao polo escolhido para a realiza\u00e7\u00e3o da prova de Reda\u00e7\u00e3o, no dia agendado no momento da inscri\u00e7\u00e3o.\u00a0 Para as demais formas de ingresso, o candidato n\u00e3o precisa ir ao polo para participar do processo seletivo.<\/p>\n<p style=\"font-weight: 400\">No momento da inscri\u00e7\u00e3o, independente da forma de ingresso, os candidatos precisam escolher um dos polos de educa\u00e7\u00e3o a dist\u00e2ncia. Ao todo, s\u00e3o nove polos distribu\u00eddos nos munic\u00edpios de Gandu (BA), Fortaleza (CE), Rio Bananal (ES), Cuiab\u00e1 (MT), <strong>Santa Izabel do Par\u00e1 (PA)<\/strong>, Campina Grande e Jo\u00e3o Pessoa (PB) e Palmas (TO), al\u00e9m de Bras\u00edlia (DF).<\/p>\n<p style=\"font-weight: 400\">Depois de aprovado na sele\u00e7\u00e3o, o estudante s\u00f3 precisa comparecer ao polo de ensino apenas uma vez por semestre para a realiza\u00e7\u00e3o de prova presencial.<\/p>\n<p style=\"font-weight: 400\">O in\u00edcio das aulas est\u00e1 previsto para acontecer no dia 5 de agosto. O investimento \u00e9 de R$ 179,00 mensais.<\/p>\n<p style=\"font-weight: 400\">Para acessar o edital e realizar a inscri\u00e7\u00e3o, acesse:\u00a0<a href=\"http:\/\/faculdadecna.com.br\/\" data-saferedirecturl=\"https:\/\/www.google.com\/url?q=http:\/\/faculdadecna.com.br&amp;source=gmail&amp;ust=1557510415662000&amp;usg=AFQjCNHGVb3nMrgRgK3KnYjfEwcI1YY0Mw\">faculdadecna.com.br<\/a><\/p>\n","protected":false},"excerpt":{"rendered":"<p>Institui\u00e7\u00e3o \u00e9 pioneira na forma\u00e7\u00e3o de gestores para o agroneg\u00f3cio brasileiro Est\u00e3o abertas as\u00a0inscri\u00e7\u00f5es para os cursos de ensino superior a dist\u00e2ncia em Gest\u00e3o do Agroneg\u00f3cio, Gest\u00e3o Ambiental, Gest\u00e3o de Recursos Humanos e Processos Gerenciais da Faculdade CNA. A institui\u00e7\u00e3o \u00e9 pioneira na forma\u00e7\u00e3o de profissionais para atuar no agroneg\u00f3cio. O setor agropecu\u00e1rio brasileiro \u00e9 [&hellip;]<\/p>\n","protected":false},"author":1,"featured_media":1456,"comment_status":"open","ping_status":"open","sticky":false,"template":"","format":"standard","meta":{"_et_pb_use_builder":"","_et_pb_old_content":"","_et_gb_content_width":"","footnotes":""},"categories":[1],"tags":[],"class_list":["post-1455","post","type-post","status-publish","format-standard","has-post-thumbnail","hentry","category-sem-categoria"],"_links":{"self":[{"href":"https:\/\/sistemafaepa.com.br\/faepa\/wp-json\/wp\/v2\/posts\/1455","targetHints":{"allow":["GET"]}}],"collection":[{"href":"https:\/\/sistemafaepa.com.br\/faepa\/wp-json\/wp\/v2\/posts"}],"about":[{"href":"https:\/\/sistemafaepa.com.br\/faepa\/wp-json\/wp\/v2\/types\/post"}],"author":[{"embeddable":true,"href":"https:\/\/sistemafaepa.com.br\/faepa\/wp-json\/wp\/v2\/users\/1"}],"replies":[{"embeddable":true,"href":"https:\/\/sistemafaepa.com.br\/faepa\/wp-json\/wp\/v2\/comments?post=1455"}],"version-history":[{"count":0,"href":"https:\/\/sistemafaepa.com.br\/faepa\/wp-json\/wp\/v2\/posts\/1455\/revisions"}],"wp:featuredmedia":[{"embeddable":true,"href":"https:\/\/sistemafaepa.com.br\/faepa\/wp-json\/"}],"wp:attachment":[{"href":"https:\/\/sistemafaepa.com.br\/faepa\/wp-json\/wp\/v2\/media?parent=1455"}],"wp:term":[{"taxonomy":"category","embeddable":true,"href":"https:\/\/sistemafaepa.com.br\/faepa\/wp-json\/wp\/v2\/categories?post=1455"},{"taxonomy":"post_tag","embeddable":true,"href":"https:\/\/sistemafaepa.com.br\/faepa\/wp-json\/wp\/v2\/tags?post=1455"}],"curies":[{"name":"wp","href":"https:\/\/api.w.org\/{rel}","templated":true}]}}