{"id":1451,"date":"2019-05-02T14:38:55","date_gmt":"2019-05-02T17:38:55","guid":{"rendered":"http:\/\/sistemafaepa.com.br\/faepa\/2019\/05\/02\/susipe-e-faepa-discutem-parceria-para-reinsercao-social-de-detentos\/"},"modified":"2019-05-02T14:38:55","modified_gmt":"2019-05-02T17:38:55","slug":"susipe-e-faepa-discutem-parceria-para-reinsercao-social-de-detentos","status":"publish","type":"post","link":"https:\/\/sistemafaepa.com.br\/faepa\/susipe-e-faepa-discutem-parceria-para-reinsercao-social-de-detentos\/","title":{"rendered":"Susipe e Faepa discutem parceria para reinser\u00e7\u00e3o social de detentos"},"content":{"rendered":"<p>A Superintend\u00eancia do Sistema Penitenci\u00e1rio do Par\u00e1 (Susipe) e a Federa\u00e7\u00e3o de Agricultura e Pecu\u00e1ria do Par\u00e1 (Faepa) estudam a possibilidade de parcerias para a\u00e7\u00f5es de reinser\u00e7\u00e3o social com detentos. O secret\u00e1rio Extraordin\u00e1rio de Estado para Assuntos Penitenci\u00e1rios, Jarbas Vasconcelos, recebeu na manh\u00e3 de ter\u00e7a (30), a diretoria da federa\u00e7\u00e3o, para tratar sobre o assunto.<\/p>\n<p>O secret\u00e1rio apresentou na reuni\u00e3o o projeto de reestrutura\u00e7\u00e3o da Col\u00f4nia Penal Agr\u00edcola de Santa Izabel (Cpasi) e melhorias nos projetos de agricultura fam\u00edlia, para investir na capacita\u00e7\u00e3o e gera\u00e7\u00e3o de emprego e renda aos detentos custodiados na unidade prisional.<\/p>\n<p>&#8220;A ideia \u00e9 construir um termo de refer\u00eancia para transformar os espa\u00e7os prisionais em unidades produtivas. A m\u00e3o de obra carcer\u00e1ria custa tr\u00eas quartos de um sal\u00e1rio m\u00ednimo, \u00e9 muito mais barato para o empres\u00e1rio. Queria que a Faepa fosse nossa parceira para que a Col\u00f4nia Penal Agr\u00edcola de Santa Izabel se torne uma unidade refer\u00eancia de produ\u00e7\u00e3o da agricultura e pecu\u00e1ria no Estado, com o uso da m\u00e3o de obra carcer\u00e1ria\u201d, prop\u00f4s o secret\u00e1rio, que ainda garantiu investimentos p\u00fablicos para preparar a unidade prisional.<\/p>\n<p>\u201cJ\u00e1 temos R$ 7 milh\u00f5es para a constru\u00e7\u00e3o de blocos carcer\u00e1rios na Col\u00f4nia e uma \u00e1rea para suinocultura. Vamos reconstruir o galp\u00e3o da marcenaria, teremos uma central de neg\u00f3cios, queremos reativar a padaria, vamos construir a f\u00e1brica de artefatos de concreto. Temos os produtos e os trabalhadores s\u00f3 est\u00e1 faltando empres\u00e1rio para gerenciar esse processo. Isso \u00e9 uma sugest\u00e3o, podemos adaptar o projeto para o interesse da iniciativa privada. Queremos fazer um conv\u00eanio com a Faepa, para indicar empresas e investidores. Vamos construir juntos\u201d, sugere o secret\u00e1rio.<\/p>\n<p>O superintendente do Servi\u00e7o Nacional de Aprendizagem Rural (Senar) no Par\u00e1, Walter Cardoso, assegurou que a parceria na capacita\u00e7\u00e3o dos internos para o mercado agr\u00edcola estar\u00e1 garantida. \u201cO sistema Faepa\/Senar j\u00e1 tem uma atua\u00e7\u00e3o muito significativa com o sistema penal, vejo que precisamos fortalecer essa parceria. Temos metas a cumprir e os nossos cursos trazem retorno imediato para o interno e para a Susipe\u201d, disse.<\/p>\n<p>Segundo Walter, o compromisso do Senar \u00e9 a capacita\u00e7\u00e3o. \u201cIsso \u00e9 fundamental para a reinser\u00e7\u00e3o. Vamos renovar nosso desejo de reativar essa parceria e focar na prepara\u00e7\u00e3o dos internos para atuarem com a iniciativa privada\u201d, garantiu o superintendente.<\/p>\n<p>O presidente da Faepa, Carlos Xavier, garante que a parceria com o sistema penal vai continuar. &#8220;J\u00e1 temos uma parceria de mais de 15 anos com a Susipe, oferecendo cursos atrav\u00e9s do Senar e tenho algumas sugest\u00f5es para a Col\u00f4nia Penal Agr\u00edcola de Santa Izabel. Podemos melhorar o projeto da suinocultura, utilizando uma ra\u00e7\u00e3o regional mais barata, por exemplo. Vamos agendar uma visitar \u00e0 Fazenda Esperan\u00e7a, em Mosqueiro, que tem uma experi\u00eancia muito boa com hidroponia\u201d, citou.<\/p>\n<p>Carlos acredita que \u00e9 poss\u00edvel usar a parceria com a secretaria, dando aten\u00e7\u00e3o especial tamb\u00e9m a piscicultura. \u201cA marcenaria \u00e9 um outro caminho para se investir no fortalecimento do trabalho dos internos da Col\u00f4nia. Temos muitas ideias e propostas pra fortalecer essa parceria. Agora vamos formar um grupo de trabalho para analisar a viabilidade econ\u00f4mica dessa parceria e iniciar os trabalhos&#8221;, concluiu o presidente da Federa\u00e7\u00e3o.<\/p>\n<p>Fonte: Ag\u00eancia Par\u00e1<\/p>\n","protected":false},"excerpt":{"rendered":"<p>A Superintend\u00eancia do Sistema Penitenci\u00e1rio do Par\u00e1 (Susipe) e a Federa\u00e7\u00e3o de Agricultura e Pecu\u00e1ria do Par\u00e1 (Faepa) estudam a possibilidade de parcerias para a\u00e7\u00f5es de reinser\u00e7\u00e3o social com detentos. O secret\u00e1rio Extraordin\u00e1rio de Estado para Assuntos Penitenci\u00e1rios, Jarbas Vasconcelos, recebeu na manh\u00e3 de ter\u00e7a (30), a diretoria da federa\u00e7\u00e3o, para tratar sobre o assunto. [&hellip;]<\/p>\n","protected":false},"author":1,"featured_media":0,"comment_status":"open","ping_status":"open","sticky":false,"template":"","format":"standard","meta":{"_et_pb_use_builder":"","_et_pb_old_content":"","_et_gb_content_width":"","footnotes":""},"categories":[1],"tags":[],"class_list":["post-1451","post","type-post","status-publish","format-standard","hentry","category-sem-categoria"],"_links":{"self":[{"href":"https:\/\/sistemafaepa.com.br\/faepa\/wp-json\/wp\/v2\/posts\/1451","targetHints":{"allow":["GET"]}}],"collection":[{"href":"https:\/\/sistemafaepa.com.br\/faepa\/wp-json\/wp\/v2\/posts"}],"about":[{"href":"https:\/\/sistemafaepa.com.br\/faepa\/wp-json\/wp\/v2\/types\/post"}],"author":[{"embeddable":true,"href":"https:\/\/sistemafaepa.com.br\/faepa\/wp-json\/wp\/v2\/users\/1"}],"replies":[{"embeddable":true,"href":"https:\/\/sistemafaepa.com.br\/faepa\/wp-json\/wp\/v2\/comments?post=1451"}],"version-history":[{"count":0,"href":"https:\/\/sistemafaepa.com.br\/faepa\/wp-json\/wp\/v2\/posts\/1451\/revisions"}],"wp:attachment":[{"href":"https:\/\/sistemafaepa.com.br\/faepa\/wp-json\/wp\/v2\/media?parent=1451"}],"wp:term":[{"taxonomy":"category","embeddable":true,"href":"https:\/\/sistemafaepa.com.br\/faepa\/wp-json\/wp\/v2\/categories?post=1451"},{"taxonomy":"post_tag","embeddable":true,"href":"https:\/\/sistemafaepa.com.br\/faepa\/wp-json\/wp\/v2\/tags?post=1451"}],"curies":[{"name":"wp","href":"https:\/\/api.w.org\/{rel}","templated":true}]}}