{"id":1447,"date":"2019-04-30T15:09:23","date_gmt":"2019-04-30T18:09:23","guid":{"rendered":"http:\/\/sistemafaepa.com.br\/faepa\/2019\/04\/30\/reuniao-do-plano-estrategico-do-pnefa-2017-2026\/"},"modified":"2019-04-30T15:09:23","modified_gmt":"2019-04-30T18:09:23","slug":"reuniao-do-plano-estrategico-do-pnefa-2017-2026","status":"publish","type":"post","link":"https:\/\/sistemafaepa.com.br\/faepa\/reuniao-do-plano-estrategico-do-pnefa-2017-2026\/","title":{"rendered":"Reuni\u00e3o do Plano Estrat\u00e9gico do PNEFA 2017-2026"},"content":{"rendered":"<p>A Federa\u00e7\u00e3o da Agricultura e Pecu\u00e1ria do Par\u00e1 (Faepa) recebe nos dias 7 e 8 de maio a 2\u00aa Reuni\u00e3o do Plano Estrat\u00e9gico do Programa Nacional de Erradica\u00e7\u00e3o e Preven\u00e7\u00e3o da Febre Aftosa (PNEFA). O encontro acontecer\u00e1 no audit\u00f3rio do Sistema Faepa, em Bel\u00e9m, com a participa\u00e7\u00e3o de servidores do MAPA, m\u00e9dicos veterin\u00e1rios, produtores rurais, laborat\u00f3rios, empresas do setor e representantes dos quatro estados integrantes do Bloco II (Amazonas, Amap\u00e1, Par\u00e1 e Roraima).<\/p>\n<p>O objetivo do encontro faz parte da revis\u00e3o do Programa Nacional de Febre Aftosa (PNEFA), do Minist\u00e9rio da Agricultura, Pecu\u00e1ria e Abastecimento (MAPA), que lan\u00e7ou a vers\u00e3o inicial do Plano Estrat\u00e9gico para enfrentar os desafios da erradica\u00e7\u00e3o da doen\u00e7a, consolidar a condi\u00e7\u00e3o sanit\u00e1ria conquistada no pa\u00eds e, assim, contribuir com a prote\u00e7\u00e3o do patrim\u00f4nio pecu\u00e1rio nacional, produzindo o m\u00e1ximo de benef\u00edcios aos atores envolvidos e toda sociedade brasileira.<\/p>\n<p>Para isso, conta com envolvimento de todos. As inscri\u00e7\u00f5es podem ser feitas atrav\u00e9s do link https:\/\/sistemas.agricultura.gov.br\/agroform\/index.php\/467518?lang=pt-BR<\/p>\n","protected":false},"excerpt":{"rendered":"<p>A Federa\u00e7\u00e3o da Agricultura e Pecu\u00e1ria do Par\u00e1 (Faepa) recebe nos dias 7 e 8 de maio a 2\u00aa Reuni\u00e3o do Plano Estrat\u00e9gico do Programa Nacional de Erradica\u00e7\u00e3o e Preven\u00e7\u00e3o da Febre Aftosa (PNEFA). O encontro acontecer\u00e1 no audit\u00f3rio do Sistema Faepa, em Bel\u00e9m, com a participa\u00e7\u00e3o de servidores do MAPA, m\u00e9dicos veterin\u00e1rios, produtores rurais, [&hellip;]<\/p>\n","protected":false},"author":1,"featured_media":1448,"comment_status":"open","ping_status":"open","sticky":false,"template":"","format":"standard","meta":{"_et_pb_use_builder":"","_et_pb_old_content":"","_et_gb_content_width":"","footnotes":""},"categories":[1],"tags":[],"class_list":["post-1447","post","type-post","status-publish","format-standard","has-post-thumbnail","hentry","category-sem-categoria"],"_links":{"self":[{"href":"https:\/\/sistemafaepa.com.br\/faepa\/wp-json\/wp\/v2\/posts\/1447","targetHints":{"allow":["GET"]}}],"collection":[{"href":"https:\/\/sistemafaepa.com.br\/faepa\/wp-json\/wp\/v2\/posts"}],"about":[{"href":"https:\/\/sistemafaepa.com.br\/faepa\/wp-json\/wp\/v2\/types\/post"}],"author":[{"embeddable":true,"href":"https:\/\/sistemafaepa.com.br\/faepa\/wp-json\/wp\/v2\/users\/1"}],"replies":[{"embeddable":true,"href":"https:\/\/sistemafaepa.com.br\/faepa\/wp-json\/wp\/v2\/comments?post=1447"}],"version-history":[{"count":0,"href":"https:\/\/sistemafaepa.com.br\/faepa\/wp-json\/wp\/v2\/posts\/1447\/revisions"}],"wp:featuredmedia":[{"embeddable":true,"href":"https:\/\/sistemafaepa.com.br\/faepa\/wp-json\/"}],"wp:attachment":[{"href":"https:\/\/sistemafaepa.com.br\/faepa\/wp-json\/wp\/v2\/media?parent=1447"}],"wp:term":[{"taxonomy":"category","embeddable":true,"href":"https:\/\/sistemafaepa.com.br\/faepa\/wp-json\/wp\/v2\/categories?post=1447"},{"taxonomy":"post_tag","embeddable":true,"href":"https:\/\/sistemafaepa.com.br\/faepa\/wp-json\/wp\/v2\/tags?post=1447"}],"curies":[{"name":"wp","href":"https:\/\/api.w.org\/{rel}","templated":true}]}}