{"id":1443,"date":"2019-04-26T18:18:24","date_gmt":"2019-04-26T21:18:24","guid":{"rendered":"http:\/\/sistemafaepa.com.br\/faepa\/2019\/04\/26\/desenvolvimento-e-integracao-da-calha-norte-reune-governo-federal-e-autoridades-do-para\/"},"modified":"2019-04-26T18:18:24","modified_gmt":"2019-04-26T21:18:24","slug":"desenvolvimento-e-integracao-da-calha-norte-reune-governo-federal-e-autoridades-do-para","status":"publish","type":"post","link":"https:\/\/sistemafaepa.com.br\/faepa\/desenvolvimento-e-integracao-da-calha-norte-reune-governo-federal-e-autoridades-do-para\/","title":{"rendered":"Desenvolvimento e integra\u00e7\u00e3o da Calha Norte re\u00fane Governo Federal e autoridades do Par\u00e1"},"content":{"rendered":"<p>Representantes do Governo Federal e do Estado do Par\u00e1 se reuniram, ontem, 25, na sede da Federa\u00e7\u00e3o de Agricultura e Pecu\u00e1ria de Bel\u00e9m, para dialogar acerca do Programa Bar\u00e3o do Rio Branco, que prev\u00ea quatro projetos para a integra\u00e7\u00e3o e o desenvolvimento da Calha Norte do rio Amazonas. O encontro Mesa Redonda: Programa Bar\u00e3o do Rio Branco, promovido pela Secretaria Especial de Assuntos Estrat\u00e9gicos, vinculada \u00e0 Secretaria-Geral da Presid\u00eancia da Rep\u00fablica, contou, tamb\u00e9m com a presen\u00e7a de setores da iniciativa privada, membros da academia e da sociedade civil. Ao todo, estiveram presentes ao evento 225 pessoas distribu\u00eddas em quatro mesas tem\u00e1ticas para debater acerca da geopol\u00edtica da Calha Norte, seu potencial econ\u00f4mico, infraestrutura e a situa\u00e7\u00e3o econ\u00f4mica e socioambiental da regi\u00e3o.<\/p>\n<p>O encontro teve como prop\u00f3sito obter subs\u00eddios para o texto do Decreto que ir\u00e1 criar o Grupo de Trabalho Interministerial (GTI) respons\u00e1vel por desenvolver o Programa. A ideia \u00e9 o atendimento ao interesse p\u00fablico tendo em vista a realidade local da regi\u00e3o da Calha Norte. De acordo com o Secret\u00e1rio Especial de Assuntos Estrat\u00e9gicos, Maynard Marques de Santa Rosa, as medidas que est\u00e3o sendo implementadas ir\u00e3o gerar a raiz do Programa. Sua viabilidade, segundo ele, depender\u00e1, em grande medida, da Reforma da Previd\u00eancia, que ainda precisa ser aprovada pelo Congresso Nacional. O Secret\u00e1rio Especial mencionou que o apoio da iniciativa privada para a execu\u00e7\u00e3o do Programa, uma vez que ele seja criado por meio do Decreto em finaliza\u00e7\u00e3o, ser\u00e1 fundamental. Para isso, o Programa Parceria de Investimentos representa uma alternativa a ser levada em considera\u00e7\u00e3o pelo Governo Federal.<\/p>\n<p>O di\u00e1logo promovido pelo Governo Federal com as autoridades do Par\u00e1 e demais participantes presentes ao evento foi considerado uma iniciativa positiva. Os relat\u00f3rios das mesas tem\u00e1ticas ser\u00e3o consolidados em um s\u00f3 documento que ser\u00e1 levado a avalia\u00e7\u00e3o para que seja finalizado o texto do Decreto a ser apresentado ao Presidente da Rep\u00fablica.<\/p>\n<p><strong>O Programa Bar\u00e3o do Rio Branco<br \/>\n<\/strong><br \/>\nOs quatro projetos inclu\u00eddos no Programa Bar\u00e3o do Rio Branco, a ser desenvolvido a partir do Decreto que ir\u00e1 criar o Grupo de Trabalho Interministerial (GTI) s\u00e3o os seguintes:<\/p>\n<p>\u2022 <strong>Constru\u00e7\u00e3o da hidrel\u00e9trica de Trombetas \u2013<\/strong> previs\u00e3o de gera\u00e7\u00e3o de energia: 3.000 MW. A obra ajudar\u00e1 a alimentar a rede de fornecimento de energia nos estados da Amaz\u00f4nia, Par\u00e1, Amap\u00e1 e Roraima, evitando os constantes apag\u00f5es na regi\u00e3o. A hidrel\u00e9trica de Trombetas complementa os esfor\u00e7os do Governo Federal na integra\u00e7\u00e3o de Boa Vista (RR) \u00e0 rede nacional de energia el\u00e9trica.<\/p>\n<p>\u2022 <strong>Ponte sobre o rio Amazonas<\/strong> passando pela cidade de \u00d3bidos (PA) com extens\u00e3o de 1,5 km. Pela ponte ir\u00e1 passar a BR163 integrando a Calha Norte \u00e0 Calha Sul do Amazonas. A escolha do local se deu devido \u00e0 extens\u00e3o menor entre uma margem e outra do rio, o que economizar\u00e1 recursos.<\/p>\n<p>\u2022 <strong>Prolongamento da BR163 at\u00e9 a fronteira com o Suriname<\/strong>. A 1\u00aa etapa prev\u00ea o prolongamento at\u00e9 a Perimetral Norte, BR210, permitindo a integra\u00e7\u00e3o do Amap\u00e1, por terra, ao restante do Brasil.<\/p>\n<p>\u2022 <strong>Implementa\u00e7\u00e3o de um polo de desenvolvimento regional na \u00e1rea de \u00d3bidos\/Oriximin\u00e1,<\/strong> a fim de estimular o desenvolvimento econ\u00f4mico da regi\u00e3o principalmente, do Baixo Amazonas (Par\u00e1).<\/p>\n<p>A popula\u00e7\u00e3o da Amaz\u00f4nia Legal, hoje, \u00e9 de 24 milh\u00f5es de pessoas, o que representa 12,3% do total da popula\u00e7\u00e3o brasileira, sendo que 10 milh\u00f5es vivem abaixo da linha de pobreza. \u00c9 preciso a cria\u00e7\u00e3o de empreendimentos que dinamizem a economia Amaz\u00f4nica em benef\u00edcio da popula\u00e7\u00e3o local e do Pa\u00eds.<\/p>\n<p><strong>Fonte: Secretaria Especial de Assuntos Estrat\u00e9gicos da Presid\u00eancia da Rep\u00fablica <\/strong><\/p>\n<p>&nbsp;<\/p>\n","protected":false},"excerpt":{"rendered":"<p>Representantes do Governo Federal e do Estado do Par\u00e1 se reuniram, ontem, 25, na sede da Federa\u00e7\u00e3o de Agricultura e Pecu\u00e1ria de Bel\u00e9m, para dialogar acerca do Programa Bar\u00e3o do Rio Branco, que prev\u00ea quatro projetos para a integra\u00e7\u00e3o e o desenvolvimento da Calha Norte do rio Amazonas. O encontro Mesa Redonda: Programa Bar\u00e3o do [&hellip;]<\/p>\n","protected":false},"author":1,"featured_media":1444,"comment_status":"open","ping_status":"open","sticky":false,"template":"","format":"standard","meta":{"_et_pb_use_builder":"","_et_pb_old_content":"","_et_gb_content_width":"","footnotes":""},"categories":[1],"tags":[],"class_list":["post-1443","post","type-post","status-publish","format-standard","has-post-thumbnail","hentry","category-sem-categoria"],"_links":{"self":[{"href":"https:\/\/sistemafaepa.com.br\/faepa\/wp-json\/wp\/v2\/posts\/1443","targetHints":{"allow":["GET"]}}],"collection":[{"href":"https:\/\/sistemafaepa.com.br\/faepa\/wp-json\/wp\/v2\/posts"}],"about":[{"href":"https:\/\/sistemafaepa.com.br\/faepa\/wp-json\/wp\/v2\/types\/post"}],"author":[{"embeddable":true,"href":"https:\/\/sistemafaepa.com.br\/faepa\/wp-json\/wp\/v2\/users\/1"}],"replies":[{"embeddable":true,"href":"https:\/\/sistemafaepa.com.br\/faepa\/wp-json\/wp\/v2\/comments?post=1443"}],"version-history":[{"count":0,"href":"https:\/\/sistemafaepa.com.br\/faepa\/wp-json\/wp\/v2\/posts\/1443\/revisions"}],"wp:featuredmedia":[{"embeddable":true,"href":"https:\/\/sistemafaepa.com.br\/faepa\/wp-json\/"}],"wp:attachment":[{"href":"https:\/\/sistemafaepa.com.br\/faepa\/wp-json\/wp\/v2\/media?parent=1443"}],"wp:term":[{"taxonomy":"category","embeddable":true,"href":"https:\/\/sistemafaepa.com.br\/faepa\/wp-json\/wp\/v2\/categories?post=1443"},{"taxonomy":"post_tag","embeddable":true,"href":"https:\/\/sistemafaepa.com.br\/faepa\/wp-json\/wp\/v2\/tags?post=1443"}],"curies":[{"name":"wp","href":"https:\/\/api.w.org\/{rel}","templated":true}]}}