{"id":1441,"date":"2019-04-26T17:33:08","date_gmt":"2019-04-26T20:33:08","guid":{"rendered":"http:\/\/sistemafaepa.com.br\/faepa\/2019\/04\/26\/produtores-rurais-reunem-com-secretario-de-transporte\/"},"modified":"2019-04-26T17:33:08","modified_gmt":"2019-04-26T20:33:08","slug":"produtores-rurais-reunem-com-secretario-de-transporte","status":"publish","type":"post","link":"https:\/\/sistemafaepa.com.br\/faepa\/produtores-rurais-reunem-com-secretario-de-transporte\/","title":{"rendered":"Produtores rurais re\u00fanem com Secret\u00e1rio de Transporte"},"content":{"rendered":"<p>Gestores da Federa\u00e7\u00e3o da Agricultura e Pecu\u00e1ria do Par\u00e1 (Faepa), produtores rurais de Ulian\u00f3polis, Paragominas e Dom Eliseu, bem como lideran\u00e7as municipais, re\u00fanem neste s\u00e1bado, 27\/4, com o secret\u00e1rio de Transportes do estado do Par\u00e1, Ant\u00f4nio de P\u00e1dua de Andrade, para tratar sobre o escoamento da produ\u00e7\u00e3o de gr\u00e3os.<\/p>\n<p>A reuni\u00e3o acontece \u00e0s 10h, na SETRAN (Av. Alm. Barroso, 3639).<\/p>\n<p>&nbsp;<\/p>\n","protected":false},"excerpt":{"rendered":"<p>Gestores da Federa\u00e7\u00e3o da Agricultura e Pecu\u00e1ria do Par\u00e1 (Faepa), produtores rurais de Ulian\u00f3polis, Paragominas e Dom Eliseu, bem como lideran\u00e7as municipais, re\u00fanem neste s\u00e1bado, 27\/4, com o secret\u00e1rio de Transportes do estado do Par\u00e1, Ant\u00f4nio de P\u00e1dua de Andrade, para tratar sobre o escoamento da produ\u00e7\u00e3o de gr\u00e3os. A reuni\u00e3o acontece \u00e0s 10h, na [&hellip;]<\/p>\n","protected":false},"author":1,"featured_media":1442,"comment_status":"open","ping_status":"open","sticky":false,"template":"","format":"standard","meta":{"_et_pb_use_builder":"","_et_pb_old_content":"","_et_gb_content_width":"","footnotes":""},"categories":[1],"tags":[],"class_list":["post-1441","post","type-post","status-publish","format-standard","has-post-thumbnail","hentry","category-sem-categoria"],"_links":{"self":[{"href":"https:\/\/sistemafaepa.com.br\/faepa\/wp-json\/wp\/v2\/posts\/1441","targetHints":{"allow":["GET"]}}],"collection":[{"href":"https:\/\/sistemafaepa.com.br\/faepa\/wp-json\/wp\/v2\/posts"}],"about":[{"href":"https:\/\/sistemafaepa.com.br\/faepa\/wp-json\/wp\/v2\/types\/post"}],"author":[{"embeddable":true,"href":"https:\/\/sistemafaepa.com.br\/faepa\/wp-json\/wp\/v2\/users\/1"}],"replies":[{"embeddable":true,"href":"https:\/\/sistemafaepa.com.br\/faepa\/wp-json\/wp\/v2\/comments?post=1441"}],"version-history":[{"count":0,"href":"https:\/\/sistemafaepa.com.br\/faepa\/wp-json\/wp\/v2\/posts\/1441\/revisions"}],"wp:featuredmedia":[{"embeddable":true,"href":"https:\/\/sistemafaepa.com.br\/faepa\/wp-json\/"}],"wp:attachment":[{"href":"https:\/\/sistemafaepa.com.br\/faepa\/wp-json\/wp\/v2\/media?parent=1441"}],"wp:term":[{"taxonomy":"category","embeddable":true,"href":"https:\/\/sistemafaepa.com.br\/faepa\/wp-json\/wp\/v2\/categories?post=1441"},{"taxonomy":"post_tag","embeddable":true,"href":"https:\/\/sistemafaepa.com.br\/faepa\/wp-json\/wp\/v2\/tags?post=1441"}],"curies":[{"name":"wp","href":"https:\/\/api.w.org\/{rel}","templated":true}]}}