{"id":1400,"date":"2019-04-15T13:23:35","date_gmt":"2019-04-15T16:23:35","guid":{"rendered":"http:\/\/sistemafaepa.com.br\/faepa\/?p=1400"},"modified":"2019-04-15T13:23:35","modified_gmt":"2019-04-15T16:23:35","slug":"governo-e-faepa-juntam-esforcos-para-destravar-setor-produtivo","status":"publish","type":"post","link":"https:\/\/sistemafaepa.com.br\/faepa\/governo-e-faepa-juntam-esforcos-para-destravar-setor-produtivo\/","title":{"rendered":"Governo e Faepa juntam esfor\u00e7os para destravar setor produtivo"},"content":{"rendered":"<p>Com a meta de destravar o setor produtivo e aumentar a competitividade do Par\u00e1 diante de outros mercados, o Governo do Estado firmou coopera\u00e7\u00e3o t\u00e9cnica com a Federa\u00e7\u00e3o da Agricultura e Pecu\u00e1ria do Par\u00e1 (Faepa). O termo, que envolve secretarias e autarquias da administra\u00e7\u00e3o direta e indireta, foi assinado na noite desta sexta-feira (12), pelo vice-governador do Par\u00e1, L\u00facio Vale, durante a cerim\u00f4nia de posse da nova diretoria da entidade, em Bel\u00e9m. Foram empossados 36 membros, entre Diretoria e Conselho Fiscal, para o quadri\u00eanio 2019-2023.<\/p>\n<p>Por estar na capital paulista participando do festival Chocolat S\u00e3o Paulo 2019, o governador Helder Barbalho assinou previamente o termo e deixou em v\u00eddeo uma mensagem aos empossados. Na grava\u00e7\u00e3o, ele aparece ao lado de L\u00facio Vale e do presidente da Faepa, Carlos Xavier. &#8220;Este entrelace vai fazer o Par\u00e1 crescer ainda mais. Estou no Festival do Cacau neste momento, representando o Par\u00e1, buscando investimentos para verticalizar a produ\u00e7\u00e3o, para gerar emprego. Trabalharemos juntos para fazer o Estado crescer cada vez mais&#8221;, afirmou o governador na mensagem.<\/p>\n<p>Gargalos &#8211; O Termo de Coopera\u00e7\u00e3o T\u00e9cnica envolve, entre outras institui\u00e7\u00f5es, o Instituto de Terras do Par\u00e1 (Iterpa), a Assembleia Legislativa do Estado do Par\u00e1 (Alepa), a Secretaria de Estado de Meio Ambiente e Sustentabilidade (Semas), Secretaria de Estado de Desenvolvimento Econ\u00f4mico, Minera\u00e7\u00e3o e Energia (Sedeme), Secretaria de Estado de Desenvolvimento Agropecu\u00e1rio e da Pesca (Sedap) e a Ag\u00eancia de Defesa Agropecu\u00e1ria do Par\u00e1 (Adepar\u00e1).<\/p>\n<p>O vice-governador L\u00facio Vale informou que coordenar\u00e1 um grupo de trabalho para apresentar propostas de atua\u00e7\u00e3o, nos pr\u00f3ximos 60 dias. &#8220;\u00c9 de grande import\u00e2ncia a Faepa nesse trabalho, ainda mais tendo Carlos Xavier na presid\u00eancia. Essa parceria demonstra o interesse em refor\u00e7ar o setor produtivo, o agroneg\u00f3cio, o caminho para termos um Estado competitivo&#8221;, destacou L\u00facio Vale, acrescentando que &#8220;a ideia \u00e9, junto de todos esses \u00f3rg\u00e3os, identificar gargalos e trabalhar para elimin\u00e1-los, dando condi\u00e7\u00f5es de aumentar a produtividade&#8221;.<\/p>\n<p>Valoriza\u00e7\u00e3o &#8211; Em seu discurso de posse, o presidente Carlos Xavier ressaltou a import\u00e2ncia da postura do Governo do Estado de trabalhar para facilitar a vida dos produtores. &#8220;Vamos descruzar os bra\u00e7os e continuar ajudando o Par\u00e1, e o Brasil. A prioridade \u00e9 desenvolver potencialidades. Hoje temos seis produtos no mercado, incluindo cacau, abacaxi, a\u00e7a\u00ed, pimenta do reino. Nosso rebanho de gado \u00e9 o primeiro do Brasil. Seremos o maior polo de citricultura do mundo. Estamos buscando parceria, porque ningu\u00e9m faz nada s\u00f3&#8221;, enfatizou o presidente da Faepa.<\/p>\n<p>Para Joel Carvalho Lobato, um dos vice-diretores, Helder Barbalho mudou a dire\u00e7\u00e3o do Estado no sentido da valoriza\u00e7\u00e3o do setor produtivo rural. Segundo ele, isso se mostra, por exemplo, na forma como o Estado trata, atualmente, a invas\u00e3o de terra. &#8220;Ao acionar a pol\u00edcia, imediatamente recebemos a Ordem de Desocupa\u00e7\u00e3o. \u00c9 um ponto basilar para se produzir com tranquilidade. O setor da ind\u00fastria da carne marcou audi\u00eancia para mostrar demandas, e imediatamente o governador nos chamou. Isso mostra vis\u00e3o ampla em enxergar todos os pontos daquela cadeia produtiva&#8221;, afirmou.<\/p>\n<p>Por Carol Menezes<\/p>\n<p>Fonte:<strong> http:\/\/www.agenciapara.com.br<\/strong><\/p>\n","protected":false},"excerpt":{"rendered":"<p>Com a meta de destravar o setor produtivo e aumentar a competitividade do Par\u00e1 diante de outros mercados, o Governo do Estado firmou coopera\u00e7\u00e3o t\u00e9cnica com a Federa\u00e7\u00e3o da Agricultura e Pecu\u00e1ria do Par\u00e1 (Faepa). O termo, que envolve secretarias e autarquias da administra\u00e7\u00e3o direta e indireta, foi assinado na noite desta sexta-feira (12), pelo [&hellip;]<\/p>\n","protected":false},"author":1,"featured_media":1401,"comment_status":"open","ping_status":"open","sticky":false,"template":"","format":"standard","meta":{"_et_pb_use_builder":"","_et_pb_old_content":"","_et_gb_content_width":"","footnotes":""},"categories":[1],"tags":[],"class_list":["post-1400","post","type-post","status-publish","format-standard","has-post-thumbnail","hentry","category-sem-categoria"],"_links":{"self":[{"href":"https:\/\/sistemafaepa.com.br\/faepa\/wp-json\/wp\/v2\/posts\/1400","targetHints":{"allow":["GET"]}}],"collection":[{"href":"https:\/\/sistemafaepa.com.br\/faepa\/wp-json\/wp\/v2\/posts"}],"about":[{"href":"https:\/\/sistemafaepa.com.br\/faepa\/wp-json\/wp\/v2\/types\/post"}],"author":[{"embeddable":true,"href":"https:\/\/sistemafaepa.com.br\/faepa\/wp-json\/wp\/v2\/users\/1"}],"replies":[{"embeddable":true,"href":"https:\/\/sistemafaepa.com.br\/faepa\/wp-json\/wp\/v2\/comments?post=1400"}],"version-history":[{"count":0,"href":"https:\/\/sistemafaepa.com.br\/faepa\/wp-json\/wp\/v2\/posts\/1400\/revisions"}],"wp:featuredmedia":[{"embeddable":true,"href":"https:\/\/sistemafaepa.com.br\/faepa\/wp-json\/"}],"wp:attachment":[{"href":"https:\/\/sistemafaepa.com.br\/faepa\/wp-json\/wp\/v2\/media?parent=1400"}],"wp:term":[{"taxonomy":"category","embeddable":true,"href":"https:\/\/sistemafaepa.com.br\/faepa\/wp-json\/wp\/v2\/categories?post=1400"},{"taxonomy":"post_tag","embeddable":true,"href":"https:\/\/sistemafaepa.com.br\/faepa\/wp-json\/wp\/v2\/tags?post=1400"}],"curies":[{"name":"wp","href":"https:\/\/api.w.org\/{rel}","templated":true}]}}