{"id":1397,"date":"2019-04-15T13:15:27","date_gmt":"2019-04-15T16:15:27","guid":{"rendered":"http:\/\/sistemafaepa.com.br\/faepa\/2019\/04\/15\/nova-diretoria-da-faepa-e-empossada-2-2\/"},"modified":"2019-04-15T13:15:27","modified_gmt":"2019-04-15T16:15:27","slug":"nova-diretoria-da-faepa-e-empossada-2-2","status":"publish","type":"post","link":"https:\/\/sistemafaepa.com.br\/faepa\/nova-diretoria-da-faepa-e-empossada-2-2\/","title":{"rendered":"Nova diretoria da Faepa \u00e9 empossada"},"content":{"rendered":"<p>Nesta sexta-feira, 12, o presidente da Federa\u00e7\u00e3o da Agricultura e Pecu\u00e1ria do Par\u00e1 (Faepa), Carlos Xavier, a Diretoria e o Conselho Fiscal da entidade foram empossados, em Bel\u00e9m. O vice-governador do estado L\u00facio Vale e demais autoridades estiveram presentes.<\/p>\n<p>A diretoria foi renovada em aproximadamente 42%, com representantes de todas as cadeias produtivas do agroneg\u00f3cio. Carlos Xavier comandar\u00e1 a entidade no per\u00edodo de 2019\/2023, acompanhado de cinco vice-presidentes e trinta e um diretores.<\/p>\n<p>O presidente Carlos Xavier falou sobre o objetivo de intensificar os trabalhos em prol do desenvolvimento do estado:<\/p>\n<p>\u201cGostar\u00edamos que nos deixassem trabalhar, pois a transforma\u00e7\u00e3o da sociedade n\u00e3o tem outro caminho al\u00e9m da produ\u00e7\u00e3o. Temos \u00e1gua, temperatura m\u00e9dia e \u00e1rea dispon\u00edvel. (&#8230;) Temos a prioridade de desenvolver as nossas potencialidades. Eu n\u00e3o tenho d\u00favida nenhuma que, se n\u00f3s paraenses, come\u00e7armos a cobrar e exigir que nos d\u00ea a permiss\u00e3o de trabalhar dentro da legalidade, iremos transformar o Par\u00e1\u201d, disse Xavier.<\/p>\n<p>&nbsp;<\/p>\n<p>A Faepa \u00e9 uma das 27 entidades sindicais de grau superior que integra a Confedera\u00e7\u00e3o da Agricultura e Pecu\u00e1ria do Brasil (CNA). \u00c9 uma institui\u00e7\u00e3o com personalidade jur\u00eddica pr\u00f3pria, de direito privado, sem fins lucrativos. Possui sede na cidade de Bel\u00e9m e base territorial no Estado do Par\u00e1, congregando atualmente 132 sindicatos rurais e 10 n\u00facleos regionais.<\/p>\n<p>A Federa\u00e7\u00e3o atua na representa\u00e7\u00e3o dos interesses dos produtores rurais, no desenvolvimento sustent\u00e1vel do agroneg\u00f3cio e no fortalecimento das rela\u00e7\u00f5es institucionais, sendo protagonista de momentos relevantes na economia, pol\u00edtica e hist\u00f3ria do agro no Par\u00e1 e no Brasil.<\/p>\n<p><strong>Assista!<\/strong><\/p>\n<p><iframe loading=\"lazy\" src=\"https:\/\/www.youtube.com\/embed\/kVQ5VJLaL1g\" width=\"560\" height=\"315\" frameborder=\"0\" allowfullscreen=\"allowfullscreen\"><\/iframe><\/p>\n<p>&nbsp;<\/p>\n<p>Confira a composi\u00e7\u00e3o da Diretoria e do Conselho Fiscal da Faepa para o per\u00edodo 2019\/2023:<\/p>\n<p>Presidente:<\/p>\n<p>Carlos Fernandes Xavier<\/p>\n<p>Vice-presidentes<\/p>\n<p>Vilson Jo\u00e3o Schuber<\/p>\n<p>Ant\u00f4nio Francisco de Ara\u00fajo<\/p>\n<p>Cl\u00e1udio Aparecido Zamperlini J\u00fanior<\/p>\n<p>Fern\u00e3o Villela Zancaner<\/p>\n<p>Joel Carvalho Lobato<\/p>\n<p>Diretores:<\/p>\n<p>Alfonso Marcos\u00a0 Rio<\/p>\n<p>Jos\u00e9 Nelson de Ara\u00fajo<\/p>\n<p>Jos\u00e9 Ribamar Rodrigues Sizo<\/p>\n<p>Giovanni Queiroz<\/p>\n<p>Adinor Batista dos Santos<\/p>\n<p>Francisco Alberto de Castro<\/p>\n<p>Ant\u00f4nia Lemos Gurgel<\/p>\n<p>Ant\u00f4nio Miranda Sobrinho<\/p>\n<p>Gilberto Nascimento Brito<\/p>\n<p>Suplentes<\/p>\n<p>Agamenon da Silva Menezes<\/p>\n<p>Ant\u00f4nio Gomes Lima<\/p>\n<p>Ant\u00f4nio Henrique Gripp<\/p>\n<p>Ant\u00f4nio Vieira Caetano<\/p>\n<p>Arc\u00eddio Ornela Filho<\/p>\n<p>Benedito Luz de Souza Dutra<\/p>\n<p>Darcy Dalberto Uliana<\/p>\n<p>Francisco Gomes da Silva<\/p>\n<p>Guy Gon\u00e7alves Rangel<\/p>\n<p>Joaquim Lira Maia<\/p>\n<p>Josaphat Paranhos de Azevedo Neto<\/p>\n<p>M\u00e1rcia Cristina Zahluth Centeno<\/p>\n<p>Paulo C\u00e9sar Justo Quartiero<\/p>\n<p>Ricardo Guimar\u00e3es de Queiroz<\/p>\n<p>Ronaldo Cursage Mafra<\/p>\n<p>Conselho Fiscal \u2013 Titulares<\/p>\n<p>Fernando Acatauass\u00fa Nunes<\/p>\n<p>Givaldo Gomes de Ara\u00fajo<\/p>\n<p>Guilherme Minssen<\/p>\n<p>Conselho Fiscal \u2013 Suplentes<\/p>\n<p>Darlene Maria Pantoja da Silva<\/p>\n<p>Julival David Ferreira<\/p>\n<p>Valdemar Francisco Hutim<\/p>\n<p>Delegados Representantes \u2013 Titulares<\/p>\n<p>Carlos Fernandes Xavier<\/p>\n<p>Vilson Jo\u00e3o Schuber<\/p>\n<p>Delegados Representantes \u2013 Suplentes<\/p>\n<p>Giovanni Queiroz<\/p>\n<p>Adinor Batista dos Santos<\/p>\n<p>&nbsp;<\/p>\n<p>Fonte: <strong>Portal Roma News<\/strong><\/p>\n","protected":false},"excerpt":{"rendered":"<p>Nesta sexta-feira, 12, o presidente da Federa\u00e7\u00e3o da Agricultura e Pecu\u00e1ria do Par\u00e1 (Faepa), Carlos Xavier, a Diretoria e o Conselho Fiscal da entidade foram empossados, em Bel\u00e9m. O vice-governador do estado L\u00facio Vale e demais autoridades estiveram presentes. A diretoria foi renovada em aproximadamente 42%, com representantes de todas as cadeias produtivas do agroneg\u00f3cio. [&hellip;]<\/p>\n","protected":false},"author":1,"featured_media":0,"comment_status":"open","ping_status":"open","sticky":false,"template":"","format":"standard","meta":{"_et_pb_use_builder":"","_et_pb_old_content":"","_et_gb_content_width":"","footnotes":""},"categories":[1],"tags":[],"class_list":["post-1397","post","type-post","status-publish","format-standard","hentry","category-sem-categoria"],"_links":{"self":[{"href":"https:\/\/sistemafaepa.com.br\/faepa\/wp-json\/wp\/v2\/posts\/1397","targetHints":{"allow":["GET"]}}],"collection":[{"href":"https:\/\/sistemafaepa.com.br\/faepa\/wp-json\/wp\/v2\/posts"}],"about":[{"href":"https:\/\/sistemafaepa.com.br\/faepa\/wp-json\/wp\/v2\/types\/post"}],"author":[{"embeddable":true,"href":"https:\/\/sistemafaepa.com.br\/faepa\/wp-json\/wp\/v2\/users\/1"}],"replies":[{"embeddable":true,"href":"https:\/\/sistemafaepa.com.br\/faepa\/wp-json\/wp\/v2\/comments?post=1397"}],"version-history":[{"count":0,"href":"https:\/\/sistemafaepa.com.br\/faepa\/wp-json\/wp\/v2\/posts\/1397\/revisions"}],"wp:attachment":[{"href":"https:\/\/sistemafaepa.com.br\/faepa\/wp-json\/wp\/v2\/media?parent=1397"}],"wp:term":[{"taxonomy":"category","embeddable":true,"href":"https:\/\/sistemafaepa.com.br\/faepa\/wp-json\/wp\/v2\/categories?post=1397"},{"taxonomy":"post_tag","embeddable":true,"href":"https:\/\/sistemafaepa.com.br\/faepa\/wp-json\/wp\/v2\/tags?post=1397"}],"curies":[{"name":"wp","href":"https:\/\/api.w.org\/{rel}","templated":true}]}}