{"id":1394,"date":"2019-04-09T16:01:22","date_gmt":"2019-04-09T19:01:22","guid":{"rendered":"http:\/\/sistemafaepa.com.br\/faepa\/2019\/04\/09\/faepa-participa-de-discussao-sobre-o-desenvolvimento-da-cadeia-produtiva-da-carne\/"},"modified":"2019-04-09T16:01:22","modified_gmt":"2019-04-09T19:01:22","slug":"faepa-participa-de-discussao-sobre-o-desenvolvimento-da-cadeia-produtiva-da-carne","status":"publish","type":"post","link":"https:\/\/sistemafaepa.com.br\/faepa\/faepa-participa-de-discussao-sobre-o-desenvolvimento-da-cadeia-produtiva-da-carne\/","title":{"rendered":"Faepa participa de discuss\u00e3o sobre o desenvolvimento da cadeia produtiva da carne"},"content":{"rendered":"<p>O governador do Par\u00e1, Helder Barbalho, determinou a cria\u00e7\u00e3o de um Grupo de Trabalho para tratar de quest\u00f5es relativas \u00e0 cadeia agroindustrial da carne no Estado, cuja oficializa\u00e7\u00e3o deve ocorrer nos pr\u00f3ximos dias. O objetivo \u00e9 identificar e buscar solu\u00e7\u00f5es para os gargalos que impedem o crescimento do segmento, hoje respons\u00e1vel por cerca de 10% do PIB (Produto Interno Bruto) do Estado.<\/p>\n<p>A coordena\u00e7\u00e3o do grupo ficar\u00e1 a cargo do vice-governador, L\u00facio Vale, e ter\u00e1 a participa\u00e7\u00e3o de diversas secretarias, como a de Meio Ambiente e Sustentabilidade (Semas), de Seguran\u00e7a P\u00fablica (Segup), da Fazenda (Sefa), de Desenvolvimento Econ\u00f4mico (Sedeme), de Desenvolvimento Agropecu\u00e1rio e da Pesca (Sedap), al\u00e9m de outros \u00f3rg\u00e3os, como o Instituto de Terras do Par\u00e1 (Iterpa), a Ag\u00eancia de Defesa Agropecu\u00e1ria (Adepar\u00e1) e a Procuradoria-Geral do Estado (PGE) e o setor produtivo.<\/p>\n<p>A determina\u00e7\u00e3o surgiu a partir de uma conversa entre o governador, o vice-governador, secret\u00e1rios de Estado e representantes do setor, no final da tarde de ontem (08), no Pal\u00e1cio do Governo. O segmento \u00e9 representado pela \u201cAlian\u00e7a Paraense pela Carne\u201d, que re\u00fane representantes de produtores, da ind\u00fastria e do varejo, unidos para solucionar problemas comuns e espec\u00edficos de cada uma das \u00e1reas envolvidas.<\/p>\n<p><strong>Novos mercados <\/strong><\/p>\n<p>Al\u00e9m da cria\u00e7\u00e3o do grupo de trabalho, o governador Helder Barbalho tamb\u00e9m se comprometeu a discutir com o Minist\u00e9rio da Agricultura, em Bras\u00edlia, alternativas para a abertura de novos mercados internacionais para a carne paraense, que hoje j\u00e1 tem certifica\u00e7\u00e3o internacional e \u00e9 vendida para diversos pontos do planeta, como Egito, Ar\u00e1bia Saudita e Hong Kong, mas ainda est\u00e1 fora de mercados importantes, como Uni\u00e3o Europeia, China e Chile. \u201cN\u00f3s queremos construir o ambiente de neg\u00f3cios para que o segmento possa crescer, sem d\u00favida\u201d, afirmou Helder Barbalho.<\/p>\n<p>Participaram da reuni\u00e3o o presidente da Federa\u00e7\u00e3o da Agricultura e Pecu\u00e1ria do Par\u00e1 (Faepa), Carlos Xavier, o secret\u00e1rio de Desenvolvimento Econ\u00f4mico, Iran Lima, e o titular da Sedap, Hugo Suenaga.<\/p>\n","protected":false},"excerpt":{"rendered":"<p>O governador do Par\u00e1, Helder Barbalho, determinou a cria\u00e7\u00e3o de um Grupo de Trabalho para tratar de quest\u00f5es relativas \u00e0 cadeia agroindustrial da carne no Estado, cuja oficializa\u00e7\u00e3o deve ocorrer nos pr\u00f3ximos dias. O objetivo \u00e9 identificar e buscar solu\u00e7\u00f5es para os gargalos que impedem o crescimento do segmento, hoje respons\u00e1vel por cerca de 10% [&hellip;]<\/p>\n","protected":false},"author":1,"featured_media":0,"comment_status":"open","ping_status":"open","sticky":false,"template":"","format":"standard","meta":{"_et_pb_use_builder":"","_et_pb_old_content":"","_et_gb_content_width":"","footnotes":""},"categories":[1],"tags":[],"class_list":["post-1394","post","type-post","status-publish","format-standard","hentry","category-sem-categoria"],"_links":{"self":[{"href":"https:\/\/sistemafaepa.com.br\/faepa\/wp-json\/wp\/v2\/posts\/1394","targetHints":{"allow":["GET"]}}],"collection":[{"href":"https:\/\/sistemafaepa.com.br\/faepa\/wp-json\/wp\/v2\/posts"}],"about":[{"href":"https:\/\/sistemafaepa.com.br\/faepa\/wp-json\/wp\/v2\/types\/post"}],"author":[{"embeddable":true,"href":"https:\/\/sistemafaepa.com.br\/faepa\/wp-json\/wp\/v2\/users\/1"}],"replies":[{"embeddable":true,"href":"https:\/\/sistemafaepa.com.br\/faepa\/wp-json\/wp\/v2\/comments?post=1394"}],"version-history":[{"count":0,"href":"https:\/\/sistemafaepa.com.br\/faepa\/wp-json\/wp\/v2\/posts\/1394\/revisions"}],"wp:attachment":[{"href":"https:\/\/sistemafaepa.com.br\/faepa\/wp-json\/wp\/v2\/media?parent=1394"}],"wp:term":[{"taxonomy":"category","embeddable":true,"href":"https:\/\/sistemafaepa.com.br\/faepa\/wp-json\/wp\/v2\/categories?post=1394"},{"taxonomy":"post_tag","embeddable":true,"href":"https:\/\/sistemafaepa.com.br\/faepa\/wp-json\/wp\/v2\/tags?post=1394"}],"curies":[{"name":"wp","href":"https:\/\/api.w.org\/{rel}","templated":true}]}}