{"id":1393,"date":"2019-04-09T13:37:02","date_gmt":"2019-04-09T16:37:02","guid":{"rendered":"http:\/\/sistemafaepa.com.br\/faepa\/2019\/04\/09\/produtores-rurais-reunem-com-nabhan-garcia-nesta-quarta-10-em-brasilia\/"},"modified":"2019-04-09T13:37:02","modified_gmt":"2019-04-09T16:37:02","slug":"produtores-rurais-reunem-com-nabhan-garcia-nesta-quarta-10-em-brasilia","status":"publish","type":"post","link":"https:\/\/sistemafaepa.com.br\/faepa\/produtores-rurais-reunem-com-nabhan-garcia-nesta-quarta-10-em-brasilia\/","title":{"rendered":"Produtores rurais re\u00fanem com Nabhan Garcia nesta quarta (10) em Bras\u00edlia"},"content":{"rendered":"<p>O vice-ministro do Minist\u00e9rio da Agricultura, Pecu\u00e1ria e Abastecimento e Secret\u00e1rio Especial de Assuntos Fundi\u00e1rios, Luiz Ant\u00f4nio Nabhan Garcia, recebe nesta quarta-feira, 10 de abril, em Bras\u00edlia, representantes do setor produtivo para uma reuni\u00e3o de discuss\u00e3o e encaminhamento de propostas, junto ao Governo Federal, sobre assuntos fundi\u00e1rios, ambientais, trabalhistas e outros relacionados ao setor.<\/p>\n<p>Na ocasi\u00e3o, tamb\u00e9m estar\u00e3o presentes os titulares das pastas de Agricultura, Meio Ambiente e Secretaria de Governo da Presid\u00eancia da Rep\u00fablica<\/p>\n","protected":false},"excerpt":{"rendered":"<p>O vice-ministro do Minist\u00e9rio da Agricultura, Pecu\u00e1ria e Abastecimento e Secret\u00e1rio Especial de Assuntos Fundi\u00e1rios, Luiz Ant\u00f4nio Nabhan Garcia, recebe nesta quarta-feira, 10 de abril, em Bras\u00edlia, representantes do setor produtivo para uma reuni\u00e3o de discuss\u00e3o e encaminhamento de propostas, junto ao Governo Federal, sobre assuntos fundi\u00e1rios, ambientais, trabalhistas e outros relacionados ao setor. Na [&hellip;]<\/p>\n","protected":false},"author":1,"featured_media":0,"comment_status":"open","ping_status":"open","sticky":false,"template":"","format":"standard","meta":{"_et_pb_use_builder":"","_et_pb_old_content":"","_et_gb_content_width":"","footnotes":""},"categories":[1],"tags":[],"class_list":["post-1393","post","type-post","status-publish","format-standard","hentry","category-sem-categoria"],"_links":{"self":[{"href":"https:\/\/sistemafaepa.com.br\/faepa\/wp-json\/wp\/v2\/posts\/1393","targetHints":{"allow":["GET"]}}],"collection":[{"href":"https:\/\/sistemafaepa.com.br\/faepa\/wp-json\/wp\/v2\/posts"}],"about":[{"href":"https:\/\/sistemafaepa.com.br\/faepa\/wp-json\/wp\/v2\/types\/post"}],"author":[{"embeddable":true,"href":"https:\/\/sistemafaepa.com.br\/faepa\/wp-json\/wp\/v2\/users\/1"}],"replies":[{"embeddable":true,"href":"https:\/\/sistemafaepa.com.br\/faepa\/wp-json\/wp\/v2\/comments?post=1393"}],"version-history":[{"count":0,"href":"https:\/\/sistemafaepa.com.br\/faepa\/wp-json\/wp\/v2\/posts\/1393\/revisions"}],"wp:attachment":[{"href":"https:\/\/sistemafaepa.com.br\/faepa\/wp-json\/wp\/v2\/media?parent=1393"}],"wp:term":[{"taxonomy":"category","embeddable":true,"href":"https:\/\/sistemafaepa.com.br\/faepa\/wp-json\/wp\/v2\/categories?post=1393"},{"taxonomy":"post_tag","embeddable":true,"href":"https:\/\/sistemafaepa.com.br\/faepa\/wp-json\/wp\/v2\/tags?post=1393"}],"curies":[{"name":"wp","href":"https:\/\/api.w.org\/{rel}","templated":true}]}}