{"id":1392,"date":"2019-04-09T13:34:11","date_gmt":"2019-04-09T16:34:11","guid":{"rendered":"http:\/\/sistemafaepa.com.br\/faepa\/2019\/04\/09\/receita-federal-atende-cna-e-facilita-obtencao-de-certidao-negativa-para-produtor-que-aderiu-ao-prr\/"},"modified":"2019-04-09T13:34:11","modified_gmt":"2019-04-09T16:34:11","slug":"receita-federal-atende-cna-e-facilita-obtencao-de-certidao-negativa-para-produtor-que-aderiu-ao-prr","status":"publish","type":"post","link":"https:\/\/sistemafaepa.com.br\/faepa\/receita-federal-atende-cna-e-facilita-obtencao-de-certidao-negativa-para-produtor-que-aderiu-ao-prr\/","title":{"rendered":"Receita Federal atende CNA e facilita obten\u00e7\u00e3o de certid\u00e3o negativa para produtor que aderiu ao PRR"},"content":{"rendered":"<p><img decoding=\"async\" src=\"https:\/\/www.cnabrasil.org.br\/assets\/images\/noticias\/IN-1882.jpg\" \/><\/p>\n<p>A Secretaria da Receita Federal do Brasil (RFB) atendeu a uma demanda da Confedera\u00e7\u00e3o da Agricultura e Pecu\u00e1ria do Brasil (CNA) e regulamentou a obten\u00e7\u00e3o de certid\u00e3o negativa para o produtor rural pessoa f\u00edsica.<\/p>\n<p>A decis\u00e3o est\u00e1 na\u00a0<a href=\"http:\/\/www.in.gov.br\/materia\/-\/asset_publisher\/Kujrw0TZC2Mb\/content\/id\/70695360\">Instru\u00e7\u00e3o Normativa 1.882<\/a>, da RFB, publicada nesta ter\u00e7a (9) no Di\u00e1rio Oficial da Uni\u00e3o.<\/p>\n<p>Os produtores que aderiam ao Programa de Regulariza\u00e7\u00e3o Tribut\u00e1ria (PRR) do Funrural estavam com dificuldades em comprovar a reten\u00e7\u00e3o devida ao Servi\u00e7o Nacional de Aprendizagem Rural (Senar) na fonte para a Receita Federal, dificultando o processo de tomada de cr\u00e9dito para a pr\u00f3xima safra.<\/p>\n<p>A IN publicada hoje no DOU facilita a comprova\u00e7\u00e3o da reten\u00e7\u00e3o pelos produtores para a quita\u00e7\u00e3o do d\u00e9bito.<\/p>\n<p>Na semana passada, CNA e Frente Parlamentar da Agropecu\u00e1ria (FPA) se reuniram com a RFB para discutir o tema e relatar a demanda dos produtores de v\u00e1rias regi\u00f5es do pa\u00eds.<\/p>\n<p>A partir de agora o produtor far\u00e1 uma declara\u00e7\u00e3o informando a regularidade da reten\u00e7\u00e3o junto ao Senar possibilitando a emiss\u00e3o da certid\u00e3o.<\/p>\n","protected":false},"excerpt":{"rendered":"<p>A Secretaria da Receita Federal do Brasil (RFB) atendeu a uma demanda da Confedera\u00e7\u00e3o da Agricultura e Pecu\u00e1ria do Brasil (CNA) e regulamentou a obten\u00e7\u00e3o de certid\u00e3o negativa para o produtor rural pessoa f\u00edsica. A decis\u00e3o est\u00e1 na\u00a0Instru\u00e7\u00e3o Normativa 1.882, da RFB, publicada nesta ter\u00e7a (9) no Di\u00e1rio Oficial da Uni\u00e3o. Os produtores que aderiam [&hellip;]<\/p>\n","protected":false},"author":1,"featured_media":0,"comment_status":"open","ping_status":"open","sticky":false,"template":"","format":"standard","meta":{"_et_pb_use_builder":"","_et_pb_old_content":"","_et_gb_content_width":"","footnotes":""},"categories":[1],"tags":[],"class_list":["post-1392","post","type-post","status-publish","format-standard","hentry","category-sem-categoria"],"_links":{"self":[{"href":"https:\/\/sistemafaepa.com.br\/faepa\/wp-json\/wp\/v2\/posts\/1392","targetHints":{"allow":["GET"]}}],"collection":[{"href":"https:\/\/sistemafaepa.com.br\/faepa\/wp-json\/wp\/v2\/posts"}],"about":[{"href":"https:\/\/sistemafaepa.com.br\/faepa\/wp-json\/wp\/v2\/types\/post"}],"author":[{"embeddable":true,"href":"https:\/\/sistemafaepa.com.br\/faepa\/wp-json\/wp\/v2\/users\/1"}],"replies":[{"embeddable":true,"href":"https:\/\/sistemafaepa.com.br\/faepa\/wp-json\/wp\/v2\/comments?post=1392"}],"version-history":[{"count":0,"href":"https:\/\/sistemafaepa.com.br\/faepa\/wp-json\/wp\/v2\/posts\/1392\/revisions"}],"wp:attachment":[{"href":"https:\/\/sistemafaepa.com.br\/faepa\/wp-json\/wp\/v2\/media?parent=1392"}],"wp:term":[{"taxonomy":"category","embeddable":true,"href":"https:\/\/sistemafaepa.com.br\/faepa\/wp-json\/wp\/v2\/categories?post=1392"},{"taxonomy":"post_tag","embeddable":true,"href":"https:\/\/sistemafaepa.com.br\/faepa\/wp-json\/wp\/v2\/tags?post=1392"}],"curies":[{"name":"wp","href":"https:\/\/api.w.org\/{rel}","templated":true}]}}