{"id":1385,"date":"2019-04-04T17:22:56","date_gmt":"2019-04-04T20:22:56","guid":{"rendered":"http:\/\/sistemafaepa.com.br\/faepa\/2019\/04\/04\/faepa-participa-de-lancamento-de-frentes-parlamentares-e-de-outras-reunioes-em-brasilia\/"},"modified":"2019-04-04T17:22:56","modified_gmt":"2019-04-04T20:22:56","slug":"faepa-participa-de-lancamento-de-frentes-parlamentares-e-de-outras-reunioes-em-brasilia","status":"publish","type":"post","link":"https:\/\/sistemafaepa.com.br\/faepa\/faepa-participa-de-lancamento-de-frentes-parlamentares-e-de-outras-reunioes-em-brasilia\/","title":{"rendered":"Faepa participa de lan\u00e7amento de frentes parlamentares e de outras reuni\u00f5es em Bras\u00edlia"},"content":{"rendered":"<p>A Federa\u00e7\u00e3o da Agricultura e Pecu\u00e1ria do Par\u00e1 (Faepa) participou do lan\u00e7amento da Frente Parlamentar do Congresso Nacional Brasil &#8211; China e da Frente Parlamentar do Congresso Nacional Brics (Brasil, R\u00fassia, \u00cdndia, China e \u00c1frica do Sul) na quarta (03), na C\u00e2mara dos Deputados, em Bras\u00edlia.<\/p>\n<p>O objetivo das duas frentes \u00e9 a integra\u00e7\u00e3o parlamentar, econ\u00f4mica e cultural entre o Brasil, a China (maior parceiro comercial do agroneg\u00f3cio brasileiro) e os outros pa\u00edses que integram os Brics.<\/p>\n<p>Segundo o diretor Guilherme Minssen, que representou a Faepa na solenidade, a cria\u00e7\u00e3o da Frente Parlamentar do Congresso Nacional Brics \u00e9 ainda mais oportuna porque o Brasil est\u00e1 na posi\u00e7\u00e3o de presid\u00eancia do bloco em 2019 e, em novembro, ser\u00e1 sede da c\u00fapula dos Brics.<\/p>\n<p><img loading=\"lazy\" decoding=\"async\" class=\"alignnone size-medium wp-image-1386\" src=\"https:\/\/sistemafaepa.com.br\/faepa\/wp-content\/uploads\/sites\/5\/2019\/04\/987eb373-6672-4a69-96be-a9576fb46358-169x300.jpg\" alt=\"\" width=\"169\" height=\"300\" \/><\/p>\n<p><strong>Zootecnia<\/strong><\/p>\n<p>O diretor da Faepa participou ainda, na Confedera\u00e7\u00e3o da Agricultura e Pecu\u00e1ria do Brasil (CNA), de uma reuni\u00e3o com a Associa\u00e7\u00e3o Brasileira de Zootecnistas (ABZ).<br \/>\nDurante a reuni\u00e3o, o vice-presidente da CNA, Muni Louren\u00e7o, e o vice-presidente da ABZ, C\u00e1ssio Jos\u00e9 da Silva, conversaram sobre poss\u00edveis parcerias e a\u00e7\u00f5es em conjunto entre as entidades.<\/p>\n<p>\u201cFoi um encontro de aproxima\u00e7\u00e3o institucional. Os zootecnistas s\u00e3o profissionais essenciais para o desenvolvimento da agropecu\u00e1ria brasileira, especialmente da pecu\u00e1ria de corte\u201d, afirmou Muni Louren\u00e7o.<\/p>\n<p>A CNA foi convidada para participar do F\u00f3rum Nacional de Entidades de Zootecnia, que acontecer\u00e1 nos dias 24 e 25 de abril, em Bras\u00edlia.<\/p>\n<p>O superintendente t\u00e9cnico da CNA, Bruno Lucchi, tamb\u00e9m participou da reuni\u00e3o.<\/p>\n<p><img loading=\"lazy\" decoding=\"async\" class=\"alignnone size-medium wp-image-1388\" src=\"https:\/\/sistemafaepa.com.br\/faepa\/wp-content\/uploads\/sites\/5\/2019\/04\/a079fd06-160a-45d8-853f-89dbcd4e6e1d-300x174.jpg\" alt=\"\" width=\"300\" height=\"174\" \/><\/p>\n<p><strong>Bem estar animal<\/strong><\/p>\n<p>Ainda em Bras\u00edlia, Guilherme participou tamb\u00e9m de uma reuni\u00e3o da Comiss\u00e3o Nacional de Agroneg\u00f3cio sobre quest\u00f5es relacionadas ao bem-estar animal, com representantes do Conselho Federal de Medicina Veterin\u00e1ria e da Confedera\u00e7\u00e3o da Agricultura e Pecu\u00e1ria do Brasil. Na ocasi\u00e3o, falou-se a respeito do acordo de coopera\u00e7\u00e3o t\u00e9cnica e parceria nas a\u00e7\u00f5es do setor produtivo e ma produ\u00e7\u00e3o animal.<\/p>\n","protected":false},"excerpt":{"rendered":"<p>A Federa\u00e7\u00e3o da Agricultura e Pecu\u00e1ria do Par\u00e1 (Faepa) participou do lan\u00e7amento da Frente Parlamentar do Congresso Nacional Brasil &#8211; China e da Frente Parlamentar do Congresso Nacional Brics (Brasil, R\u00fassia, \u00cdndia, China e \u00c1frica do Sul) na quarta (03), na C\u00e2mara dos Deputados, em Bras\u00edlia. O objetivo das duas frentes \u00e9 a integra\u00e7\u00e3o parlamentar, [&hellip;]<\/p>\n","protected":false},"author":1,"featured_media":1390,"comment_status":"open","ping_status":"open","sticky":false,"template":"","format":"standard","meta":{"_et_pb_use_builder":"","_et_pb_old_content":"","_et_gb_content_width":"","footnotes":""},"categories":[1],"tags":[],"class_list":["post-1385","post","type-post","status-publish","format-standard","has-post-thumbnail","hentry","category-sem-categoria"],"_links":{"self":[{"href":"https:\/\/sistemafaepa.com.br\/faepa\/wp-json\/wp\/v2\/posts\/1385","targetHints":{"allow":["GET"]}}],"collection":[{"href":"https:\/\/sistemafaepa.com.br\/faepa\/wp-json\/wp\/v2\/posts"}],"about":[{"href":"https:\/\/sistemafaepa.com.br\/faepa\/wp-json\/wp\/v2\/types\/post"}],"author":[{"embeddable":true,"href":"https:\/\/sistemafaepa.com.br\/faepa\/wp-json\/wp\/v2\/users\/1"}],"replies":[{"embeddable":true,"href":"https:\/\/sistemafaepa.com.br\/faepa\/wp-json\/wp\/v2\/comments?post=1385"}],"version-history":[{"count":0,"href":"https:\/\/sistemafaepa.com.br\/faepa\/wp-json\/wp\/v2\/posts\/1385\/revisions"}],"wp:featuredmedia":[{"embeddable":true,"href":"https:\/\/sistemafaepa.com.br\/faepa\/wp-json\/"}],"wp:attachment":[{"href":"https:\/\/sistemafaepa.com.br\/faepa\/wp-json\/wp\/v2\/media?parent=1385"}],"wp:term":[{"taxonomy":"category","embeddable":true,"href":"https:\/\/sistemafaepa.com.br\/faepa\/wp-json\/wp\/v2\/categories?post=1385"},{"taxonomy":"post_tag","embeddable":true,"href":"https:\/\/sistemafaepa.com.br\/faepa\/wp-json\/wp\/v2\/tags?post=1385"}],"curies":[{"name":"wp","href":"https:\/\/api.w.org\/{rel}","templated":true}]}}