{"id":1374,"date":"2019-04-04T13:18:53","date_gmt":"2019-04-04T16:18:53","guid":{"rendered":"http:\/\/sistemafaepa.com.br\/faepa\/2019\/04\/04\/representantes-do-para-participam-da-etapa-nacional-do-programa-cna-jovem-em-brasilia\/"},"modified":"2019-04-04T13:18:53","modified_gmt":"2019-04-04T16:18:53","slug":"representantes-do-para-participam-da-etapa-nacional-do-programa-cna-jovem-em-brasilia","status":"publish","type":"post","link":"https:\/\/sistemafaepa.com.br\/faepa\/representantes-do-para-participam-da-etapa-nacional-do-programa-cna-jovem-em-brasilia\/","title":{"rendered":"Representantes do Par\u00e1 participam da etapa nacional do Programa CNA Jovem em Bras\u00edlia"},"content":{"rendered":"<p>O Sistema CNA\/Senar realizou entre sexta os dias 22 e 24 de mar\u00e7o, em Bras\u00edlia, o primeiro encontro do ano do CNA Jovem Nacional, programa que est\u00e1 em sua 3\u00aa edi\u00e7\u00e3o e tem o objetivo desenvolver e preparar lideran\u00e7as para os desafios do setor agropecu\u00e1rio brasileiro.<\/p>\n<p>O Par\u00e1 foi representado no evento pelos jovens Keyvilla da Costa Aguiar, Ant\u00f4nio Victor Ferreira Silva, Let\u00edcia Cunha da Hungria e Elaine Nathalie. , finalistas da etapa estadual realizada pelo Senar Par\u00e1.<\/p>\n<p><img loading=\"lazy\" decoding=\"async\" class=\"alignnone size-medium wp-image-1375\" src=\"https:\/\/sistemafaepa.com.br\/faepa\/wp-content\/uploads\/sites\/5\/2019\/04\/1-168x300.jpg\" alt=\"\" width=\"168\" height=\"300\" \/><\/p>\n<p>No total, o evento reuniu 61 jovens de 21 estados do Brasil em tr\u00eas dias de atividades. No primeiro dia o grupo participou de uma visita ao Congresso Nacional e da solenidade de abertura, que contou com a presen\u00e7a do diretor-geral do Servi\u00e7o Nacional de Aprendizagem Rural (Senar), Daniel Carrara.<\/p>\n<p><img loading=\"lazy\" decoding=\"async\" class=\"alignnone size-medium wp-image-1377\" src=\"https:\/\/sistemafaepa.com.br\/faepa\/wp-content\/uploads\/sites\/5\/2019\/04\/2-168x300.jpg\" alt=\"\" width=\"168\" height=\"300\" \/><br \/>\nNo segundo dia, a programa\u00e7\u00e3o para os jovens incluiu a palestra \u201cUma vis\u00e3o do futuro da agropecu\u00e1ria\u201d, com o superintendente t\u00e9cnico da CNA, Bruno Lucchi, uma oficina para a prioriza\u00e7\u00e3o e defini\u00e7\u00e3o dos desafios e o in\u00edcio da oficina sobre Processo Legislativo.<\/p>\n<p>No \u00faltimo dia houve a continua\u00e7\u00e3o das oficinas e o fechamento das atividades e orienta\u00e7\u00f5es da coordena\u00e7\u00e3o para os pr\u00f3ximos encontros. Durante essa etapa, os participantes definiram os desafios do agro que foram trabalhados em grupos a fim de encontrar solu\u00e7\u00f5es inovadoras ao longo dessa edi\u00e7\u00e3o.<\/p>\n<p><strong>Extraordin\u00e1rio<\/strong><\/p>\n<p>O jovem Ant\u00f4nio Vitor, representante Par\u00e1, definiu como \u201cextraordin\u00e1rio\u201d o primeiro encontro presencial do programa. \u201cVolto para o meu Estado com muitos sonhos, com muita vontade de trabalhar pelo agroneg\u00f3cio e de inspirar outras pessoas a seguirem esse caminho\u201d.<\/p>\n<p><img loading=\"lazy\" decoding=\"async\" class=\"alignnone size-medium wp-image-1379\" src=\"https:\/\/sistemafaepa.com.br\/faepa\/wp-content\/uploads\/sites\/5\/2019\/04\/Antonio_VitorWEB-300x200.jpg\" alt=\"\" width=\"300\" height=\"200\" \/><\/p>\n<p>\u201cEstar no CNA Jovem tem sido uma experi\u00eancia sensacional que contribui para o autoconhecimento e de identifica\u00e7\u00e3o dos nossos talentos para coloca-los a servi\u00e7o do agro, um setor t\u00e3o importante para a sociedade brasileira\u201d, disse Ant\u00f4nio Vitor.<\/p>\n<p><img loading=\"lazy\" decoding=\"async\" class=\"alignnone size-medium wp-image-1381\" src=\"https:\/\/sistemafaepa.com.br\/faepa\/wp-content\/uploads\/sites\/5\/2019\/04\/4-300x248.jpg\" alt=\"\" width=\"300\" height=\"248\" \/><\/p>\n<p><strong>Pr\u00f3ximas etapas<\/strong><\/p>\n<p>O CNA Jovem Nacional 2019 ter\u00e1 mais tr\u00eas encontros: de 26 a 28 de abril, de 31 de maio a 2 de junho e de 5 a 7 de julho. No encontro final ser\u00e3o anunciados as tr\u00eas jovens lideran\u00e7as de mais destaque e o projeto vencedor desta edi\u00e7\u00e3o.<\/p>\n","protected":false},"excerpt":{"rendered":"<p>O Sistema CNA\/Senar realizou entre sexta os dias 22 e 24 de mar\u00e7o, em Bras\u00edlia, o primeiro encontro do ano do CNA Jovem Nacional, programa que est\u00e1 em sua 3\u00aa edi\u00e7\u00e3o e tem o objetivo desenvolver e preparar lideran\u00e7as para os desafios do setor agropecu\u00e1rio brasileiro. O Par\u00e1 foi representado no evento pelos jovens Keyvilla [&hellip;]<\/p>\n","protected":false},"author":1,"featured_media":1383,"comment_status":"open","ping_status":"open","sticky":false,"template":"","format":"standard","meta":{"_et_pb_use_builder":"","_et_pb_old_content":"","_et_gb_content_width":"","footnotes":""},"categories":[1],"tags":[],"class_list":["post-1374","post","type-post","status-publish","format-standard","has-post-thumbnail","hentry","category-sem-categoria"],"_links":{"self":[{"href":"https:\/\/sistemafaepa.com.br\/faepa\/wp-json\/wp\/v2\/posts\/1374","targetHints":{"allow":["GET"]}}],"collection":[{"href":"https:\/\/sistemafaepa.com.br\/faepa\/wp-json\/wp\/v2\/posts"}],"about":[{"href":"https:\/\/sistemafaepa.com.br\/faepa\/wp-json\/wp\/v2\/types\/post"}],"author":[{"embeddable":true,"href":"https:\/\/sistemafaepa.com.br\/faepa\/wp-json\/wp\/v2\/users\/1"}],"replies":[{"embeddable":true,"href":"https:\/\/sistemafaepa.com.br\/faepa\/wp-json\/wp\/v2\/comments?post=1374"}],"version-history":[{"count":0,"href":"https:\/\/sistemafaepa.com.br\/faepa\/wp-json\/wp\/v2\/posts\/1374\/revisions"}],"wp:featuredmedia":[{"embeddable":true,"href":"https:\/\/sistemafaepa.com.br\/faepa\/wp-json\/"}],"wp:attachment":[{"href":"https:\/\/sistemafaepa.com.br\/faepa\/wp-json\/wp\/v2\/media?parent=1374"}],"wp:term":[{"taxonomy":"category","embeddable":true,"href":"https:\/\/sistemafaepa.com.br\/faepa\/wp-json\/wp\/v2\/categories?post=1374"},{"taxonomy":"post_tag","embeddable":true,"href":"https:\/\/sistemafaepa.com.br\/faepa\/wp-json\/wp\/v2\/tags?post=1374"}],"curies":[{"name":"wp","href":"https:\/\/api.w.org\/{rel}","templated":true}]}}