{"id":1372,"date":"2019-04-03T18:37:36","date_gmt":"2019-04-03T21:37:36","guid":{"rendered":"http:\/\/sistemafaepa.com.br\/faepa\/2019\/04\/03\/faepa-recebe-o-titulo-de-socia-benfeitora-da-acp\/"},"modified":"2019-04-03T18:37:36","modified_gmt":"2019-04-03T21:37:36","slug":"faepa-recebe-o-titulo-de-socia-benfeitora-da-acp","status":"publish","type":"post","link":"https:\/\/sistemafaepa.com.br\/faepa\/faepa-recebe-o-titulo-de-socia-benfeitora-da-acp\/","title":{"rendered":"Faepa recebe o t\u00edtulo de \u2018\u2019S\u00f3cia Benfeitora\u2019\u2019 da ACP"},"content":{"rendered":"<p>A Associa\u00e7\u00e3o Comercial do Par\u00e1 homenageou a Faepa com o t\u00edtulo de \u2018\u2019S\u00f3cia Benfeitora\u2019\u2019.<\/p>\n<p>A honraria foi entregue pelo presidente da ACP, Cl\u00f3vis Carneiro, ao presidente da Faepa, Carlos Xavier, durante a solenidade alusiva as comemora\u00e7\u00f5es dos 200 anos da institui\u00e7\u00e3o, realizada nesta quarta-feira, 3\/4, no Sal\u00e3o Nobre da ACP.<\/p>\n<p>Desde 1963 a ACP n\u00e3o outorgava o T\u00edtulo de S\u00f3cio Benem\u00e9rito.<\/p>\n","protected":false},"excerpt":{"rendered":"<p>A Associa\u00e7\u00e3o Comercial do Par\u00e1 homenageou a Faepa com o t\u00edtulo de \u2018\u2019S\u00f3cia Benfeitora\u2019\u2019. A honraria foi entregue pelo presidente da ACP, Cl\u00f3vis Carneiro, ao presidente da Faepa, Carlos Xavier, durante a solenidade alusiva as comemora\u00e7\u00f5es dos 200 anos da institui\u00e7\u00e3o, realizada nesta quarta-feira, 3\/4, no Sal\u00e3o Nobre da ACP. Desde 1963 a ACP n\u00e3o [&hellip;]<\/p>\n","protected":false},"author":1,"featured_media":1373,"comment_status":"open","ping_status":"open","sticky":false,"template":"","format":"standard","meta":{"_et_pb_use_builder":"","_et_pb_old_content":"","_et_gb_content_width":"","footnotes":""},"categories":[1],"tags":[],"class_list":["post-1372","post","type-post","status-publish","format-standard","has-post-thumbnail","hentry","category-sem-categoria"],"_links":{"self":[{"href":"https:\/\/sistemafaepa.com.br\/faepa\/wp-json\/wp\/v2\/posts\/1372","targetHints":{"allow":["GET"]}}],"collection":[{"href":"https:\/\/sistemafaepa.com.br\/faepa\/wp-json\/wp\/v2\/posts"}],"about":[{"href":"https:\/\/sistemafaepa.com.br\/faepa\/wp-json\/wp\/v2\/types\/post"}],"author":[{"embeddable":true,"href":"https:\/\/sistemafaepa.com.br\/faepa\/wp-json\/wp\/v2\/users\/1"}],"replies":[{"embeddable":true,"href":"https:\/\/sistemafaepa.com.br\/faepa\/wp-json\/wp\/v2\/comments?post=1372"}],"version-history":[{"count":0,"href":"https:\/\/sistemafaepa.com.br\/faepa\/wp-json\/wp\/v2\/posts\/1372\/revisions"}],"wp:featuredmedia":[{"embeddable":true,"href":"https:\/\/sistemafaepa.com.br\/faepa\/wp-json\/"}],"wp:attachment":[{"href":"https:\/\/sistemafaepa.com.br\/faepa\/wp-json\/wp\/v2\/media?parent=1372"}],"wp:term":[{"taxonomy":"category","embeddable":true,"href":"https:\/\/sistemafaepa.com.br\/faepa\/wp-json\/wp\/v2\/categories?post=1372"},{"taxonomy":"post_tag","embeddable":true,"href":"https:\/\/sistemafaepa.com.br\/faepa\/wp-json\/wp\/v2\/tags?post=1372"}],"curies":[{"name":"wp","href":"https:\/\/api.w.org\/{rel}","templated":true}]}}