{"id":1370,"date":"2019-04-02T12:52:07","date_gmt":"2019-04-02T15:52:07","guid":{"rendered":"http:\/\/sistemafaepa.com.br\/faepa\/2019\/04\/02\/faepa-promove-encontro-de-presidentes-de-sindicatos-com-ministros-em-brasilia-3\/"},"modified":"2019-04-02T12:52:07","modified_gmt":"2019-04-02T15:52:07","slug":"faepa-promove-encontro-de-presidentes-de-sindicatos-com-ministros-em-brasilia-3","status":"publish","type":"post","link":"https:\/\/sistemafaepa.com.br\/faepa\/faepa-promove-encontro-de-presidentes-de-sindicatos-com-ministros-em-brasilia-3\/","title":{"rendered":"Faepa promove encontro de presidentes de sindicatos com Nabhan Garcia em Bras\u00edlia"},"content":{"rendered":"<p>A pedido do presidente da Federa\u00e7\u00e3o da Agricultura e Pecu\u00e1ria do Par\u00e1 (Faepa), Carlos Xavier, e assumindo compromisso firmado em 13 de mar\u00e7o, na sede da Faepa, em Bel\u00e9m, na presen\u00e7a de produtores rurais, o vice-ministro do Minist\u00e9rio da Agricultura, Pecu\u00e1ria e Abastecimento e secret\u00e1rio Especial de Assuntos Fundi\u00e1rios, Luiz Ant\u00f4nio Nabhan Garcia, recebe no pr\u00f3ximo dia 10 de abril, em Bras\u00edlia, representantes do setor produtivo para uma reuni\u00e3o de discuss\u00e3o e encaminhamento de propostas, junto ao Governo Federal, sobre assuntos fundi\u00e1rios, ambientais, trabalhistas e outros relacionados ao setor.<\/p>\n<p>Na ocasi\u00e3o, tamb\u00e9m estar\u00e3o presentes os titulares das pastas de Agricultura, Meio Ambiente e Secretaria de Governo da Presid\u00eancia da Rep\u00fablica.<\/p>\n<p>O encontro acontecer\u00e1 \u00e0s 13h, no Minist\u00e9rio da Agricultura, Pecu\u00e1ria e Abastecimento &#8211; Esplanada dos Minist\u00e9rios Bloco D, Bras\u00edlia-DF.<\/p>\n","protected":false},"excerpt":{"rendered":"<p>A pedido do presidente da Federa\u00e7\u00e3o da Agricultura e Pecu\u00e1ria do Par\u00e1 (Faepa), Carlos Xavier, e assumindo compromisso firmado em 13 de mar\u00e7o, na sede da Faepa, em Bel\u00e9m, na presen\u00e7a de produtores rurais, o vice-ministro do Minist\u00e9rio da Agricultura, Pecu\u00e1ria e Abastecimento e secret\u00e1rio Especial de Assuntos Fundi\u00e1rios, Luiz Ant\u00f4nio Nabhan Garcia, recebe no [&hellip;]<\/p>\n","protected":false},"author":1,"featured_media":1371,"comment_status":"open","ping_status":"open","sticky":false,"template":"","format":"standard","meta":{"_et_pb_use_builder":"","_et_pb_old_content":"","_et_gb_content_width":"","footnotes":""},"categories":[1],"tags":[],"class_list":["post-1370","post","type-post","status-publish","format-standard","has-post-thumbnail","hentry","category-sem-categoria"],"_links":{"self":[{"href":"https:\/\/sistemafaepa.com.br\/faepa\/wp-json\/wp\/v2\/posts\/1370","targetHints":{"allow":["GET"]}}],"collection":[{"href":"https:\/\/sistemafaepa.com.br\/faepa\/wp-json\/wp\/v2\/posts"}],"about":[{"href":"https:\/\/sistemafaepa.com.br\/faepa\/wp-json\/wp\/v2\/types\/post"}],"author":[{"embeddable":true,"href":"https:\/\/sistemafaepa.com.br\/faepa\/wp-json\/wp\/v2\/users\/1"}],"replies":[{"embeddable":true,"href":"https:\/\/sistemafaepa.com.br\/faepa\/wp-json\/wp\/v2\/comments?post=1370"}],"version-history":[{"count":0,"href":"https:\/\/sistemafaepa.com.br\/faepa\/wp-json\/wp\/v2\/posts\/1370\/revisions"}],"wp:featuredmedia":[{"embeddable":true,"href":"https:\/\/sistemafaepa.com.br\/faepa\/wp-json\/"}],"wp:attachment":[{"href":"https:\/\/sistemafaepa.com.br\/faepa\/wp-json\/wp\/v2\/media?parent=1370"}],"wp:term":[{"taxonomy":"category","embeddable":true,"href":"https:\/\/sistemafaepa.com.br\/faepa\/wp-json\/wp\/v2\/categories?post=1370"},{"taxonomy":"post_tag","embeddable":true,"href":"https:\/\/sistemafaepa.com.br\/faepa\/wp-json\/wp\/v2\/tags?post=1370"}],"curies":[{"name":"wp","href":"https:\/\/api.w.org\/{rel}","templated":true}]}}