{"id":1367,"date":"2019-04-02T12:30:18","date_gmt":"2019-04-02T15:30:18","guid":{"rendered":"http:\/\/sistemafaepa.com.br\/faepa\/2019\/04\/02\/faepa-vai-a-comemoracao-de-200-anos-da-acp\/"},"modified":"2019-04-02T12:30:18","modified_gmt":"2019-04-02T15:30:18","slug":"faepa-vai-a-comemoracao-de-200-anos-da-acp","status":"publish","type":"post","link":"https:\/\/sistemafaepa.com.br\/faepa\/faepa-vai-a-comemoracao-de-200-anos-da-acp\/","title":{"rendered":"Faepa vai \u00e0 comemora\u00e7\u00e3o de 200 anos da ACP"},"content":{"rendered":"<p>A Associa\u00e7\u00e3o Comercial do Par\u00e1, a segunda entidade empresarial mais antiga do Brasil, completa 200 anos na quarta-feira, 3 de abril de 2019, com solenidade no Sal\u00e3o Nobre ACP, situado na Avenida Presidente Vargas. O evento contar\u00e1 com a presen\u00e7a do presidente da Faepa, Carlos Xavier, e demais diretores.<\/p>\n","protected":false},"excerpt":{"rendered":"<p>A Associa\u00e7\u00e3o Comercial do Par\u00e1, a segunda entidade empresarial mais antiga do Brasil, completa 200 anos na quarta-feira, 3 de abril de 2019, com solenidade no Sal\u00e3o Nobre ACP, situado na Avenida Presidente Vargas. O evento contar\u00e1 com a presen\u00e7a do presidente da Faepa, Carlos Xavier, e demais diretores.<\/p>\n","protected":false},"author":1,"featured_media":0,"comment_status":"open","ping_status":"open","sticky":false,"template":"","format":"standard","meta":{"_et_pb_use_builder":"","_et_pb_old_content":"","_et_gb_content_width":"","footnotes":""},"categories":[1],"tags":[],"class_list":["post-1367","post","type-post","status-publish","format-standard","hentry","category-sem-categoria"],"_links":{"self":[{"href":"https:\/\/sistemafaepa.com.br\/faepa\/wp-json\/wp\/v2\/posts\/1367","targetHints":{"allow":["GET"]}}],"collection":[{"href":"https:\/\/sistemafaepa.com.br\/faepa\/wp-json\/wp\/v2\/posts"}],"about":[{"href":"https:\/\/sistemafaepa.com.br\/faepa\/wp-json\/wp\/v2\/types\/post"}],"author":[{"embeddable":true,"href":"https:\/\/sistemafaepa.com.br\/faepa\/wp-json\/wp\/v2\/users\/1"}],"replies":[{"embeddable":true,"href":"https:\/\/sistemafaepa.com.br\/faepa\/wp-json\/wp\/v2\/comments?post=1367"}],"version-history":[{"count":0,"href":"https:\/\/sistemafaepa.com.br\/faepa\/wp-json\/wp\/v2\/posts\/1367\/revisions"}],"wp:attachment":[{"href":"https:\/\/sistemafaepa.com.br\/faepa\/wp-json\/wp\/v2\/media?parent=1367"}],"wp:term":[{"taxonomy":"category","embeddable":true,"href":"https:\/\/sistemafaepa.com.br\/faepa\/wp-json\/wp\/v2\/categories?post=1367"},{"taxonomy":"post_tag","embeddable":true,"href":"https:\/\/sistemafaepa.com.br\/faepa\/wp-json\/wp\/v2\/tags?post=1367"}],"curies":[{"name":"wp","href":"https:\/\/api.w.org\/{rel}","templated":true}]}}