{"id":1366,"date":"2019-04-02T12:24:53","date_gmt":"2019-04-02T15:24:53","guid":{"rendered":"http:\/\/sistemafaepa.com.br\/faepa\/2019\/04\/02\/fpa-recebe-presidente-da-cna-e-de-federacoes-nesta-terca-2-4-em-brasilia\/"},"modified":"2019-04-02T12:24:53","modified_gmt":"2019-04-02T15:24:53","slug":"fpa-recebe-presidente-da-cna-e-de-federacoes-nesta-terca-2-4-em-brasilia","status":"publish","type":"post","link":"https:\/\/sistemafaepa.com.br\/faepa\/fpa-recebe-presidente-da-cna-e-de-federacoes-nesta-terca-2-4-em-brasilia\/","title":{"rendered":"FPA recebe presidente da CNA e de Federa\u00e7\u00f5es nesta ter\u00e7a (2\/4) em Bras\u00edlia"},"content":{"rendered":"<p>A Frente Parlamentar da Agropecu\u00e1ria recebe nesta ter\u00e7a-feira, 2 de abril, \u00e0s 12h, em Bras\u00edlia, o presidente da Confedera\u00e7\u00e3o da Agricultura e Pecu\u00e1ria do Brasil (CNA), Jo\u00e3o Martins, e representantes de 27 federa\u00e7\u00f5es da agricultura e pecu\u00e1ria. Na pauta, temas como reforma da previd\u00eancia e PRA &#8211; Programa de Regulariza\u00e7\u00e3o Ambiental.<\/p>\n","protected":false},"excerpt":{"rendered":"<p>A Frente Parlamentar da Agropecu\u00e1ria recebe nesta ter\u00e7a-feira, 2 de abril, \u00e0s 12h, em Bras\u00edlia, o presidente da Confedera\u00e7\u00e3o da Agricultura e Pecu\u00e1ria do Brasil (CNA), Jo\u00e3o Martins, e representantes de 27 federa\u00e7\u00f5es da agricultura e pecu\u00e1ria. Na pauta, temas como reforma da previd\u00eancia e PRA &#8211; Programa de Regulariza\u00e7\u00e3o Ambiental.<\/p>\n","protected":false},"author":1,"featured_media":0,"comment_status":"open","ping_status":"open","sticky":false,"template":"","format":"standard","meta":{"_et_pb_use_builder":"","_et_pb_old_content":"","_et_gb_content_width":"","footnotes":""},"categories":[1],"tags":[],"class_list":["post-1366","post","type-post","status-publish","format-standard","hentry","category-sem-categoria"],"_links":{"self":[{"href":"https:\/\/sistemafaepa.com.br\/faepa\/wp-json\/wp\/v2\/posts\/1366","targetHints":{"allow":["GET"]}}],"collection":[{"href":"https:\/\/sistemafaepa.com.br\/faepa\/wp-json\/wp\/v2\/posts"}],"about":[{"href":"https:\/\/sistemafaepa.com.br\/faepa\/wp-json\/wp\/v2\/types\/post"}],"author":[{"embeddable":true,"href":"https:\/\/sistemafaepa.com.br\/faepa\/wp-json\/wp\/v2\/users\/1"}],"replies":[{"embeddable":true,"href":"https:\/\/sistemafaepa.com.br\/faepa\/wp-json\/wp\/v2\/comments?post=1366"}],"version-history":[{"count":0,"href":"https:\/\/sistemafaepa.com.br\/faepa\/wp-json\/wp\/v2\/posts\/1366\/revisions"}],"wp:attachment":[{"href":"https:\/\/sistemafaepa.com.br\/faepa\/wp-json\/wp\/v2\/media?parent=1366"}],"wp:term":[{"taxonomy":"category","embeddable":true,"href":"https:\/\/sistemafaepa.com.br\/faepa\/wp-json\/wp\/v2\/categories?post=1366"},{"taxonomy":"post_tag","embeddable":true,"href":"https:\/\/sistemafaepa.com.br\/faepa\/wp-json\/wp\/v2\/tags?post=1366"}],"curies":[{"name":"wp","href":"https:\/\/api.w.org\/{rel}","templated":true}]}}