{"id":1364,"date":"2019-04-01T15:26:49","date_gmt":"2019-04-01T18:26:49","guid":{"rendered":"http:\/\/sistemafaepa.com.br\/faepa\/2019\/04\/01\/mec-autoriza-recredenciamento-da-faculdade-cna\/"},"modified":"2019-04-01T15:26:49","modified_gmt":"2019-04-01T18:26:49","slug":"mec-autoriza-recredenciamento-da-faculdade-cna","status":"publish","type":"post","link":"https:\/\/sistemafaepa.com.br\/faepa\/mec-autoriza-recredenciamento-da-faculdade-cna\/","title":{"rendered":"MEC autoriza recredenciamento da Faculdade CNA"},"content":{"rendered":"<p>A Faculdade CNA recebeu conceito 4, em uma escala de 1 a 5, no processo de avalia\u00e7\u00e3o institucional externa para recredenciamento do Minist\u00e9rio da Educa\u00e7\u00e3o (MEC).<\/p>\n<p>A Comiss\u00e3o formada pelos avaliadores do MEC, Cibele Barsalini Martins, Marist\u00e9lio da Cruz Costa e Saulo Germano Sales Dallago visitou o polo sede da Faculdade CNA, em Bras\u00edlia, entre os dias 19 e 23 de mar\u00e7o.<\/p>\n<p>Eles fizeram um processo criterioso de avalia\u00e7\u00e3o, incluindo a an\u00e1lise documental da Institui\u00e7\u00e3o e reuni\u00f5es com dirigentes e gestores, coordenadores de cursos, funcion\u00e1rios, estudantes al\u00e9m de visitas realizadas \u00e0s instala\u00e7\u00f5es f\u00edsicas.<\/p>\n<p>De acordo com o relat\u00f3rio do MEC, alguns itens tiveram destaque e receberam o conceito mais alto (nota 5). Entre eles o sistema de controle de produ\u00e7\u00e3o e distribui\u00e7\u00e3o de material did\u00e1tico.<\/p>\n<p>O documento do MEC afirma que \u201cas estrat\u00e9gias que garantem a acessibilidade comunicacional, disponibiliza\u00e7\u00e3o por diferentes m\u00eddias, suportes e linguagens, adequados \u00e0s necessidades dos alunos a dist\u00e2ncia. Destaca-se que a IES (Institui\u00e7\u00e3o de Ensino Superior) possui um est\u00fadio para a grava\u00e7\u00f5es de aulas e v\u00eddeos\u201d.<\/p>\n<p>A titula\u00e7\u00e3o dos professores tamb\u00e9m recebeu o conceito 5. Ao todo, 90% do corpo docente da Faculdade CNA \u00e9 formado por doutores e mestres. No relat\u00f3rio, os avaliadores do MEC destacaram como conceito 5 a infraestrutura f\u00edsica e as salas de aula, al\u00e9m da infraestrutura de execu\u00e7\u00e3o e suporte aos estudantes.<\/p>\n<p>A Faculdade CNA \u00e9 ligada ao Sistema CNA\/SENAR\/ICNA, entidades que representam os produtores rurais brasileiros. Desde 2014, a institui\u00e7\u00e3o oferece curso de gradua\u00e7\u00e3o presencial na \u00e1rea de Gest\u00e3o do Agroneg\u00f3cio.<\/p>\n<p>Em 2018, o MEC tamb\u00e9m credenciou a institui\u00e7\u00e3o para oferecer cinco cursos de gradua\u00e7\u00e3o a dist\u00e2ncia em Gest\u00e3o do Agroneg\u00f3cio, Processos Gerenciais, Gest\u00e3o Ambiental, Log\u00edstica e Gest\u00e3o de Recursos Humanos.<\/p>\n<p>A Faculdade CNA tem polos de ensino para apoio presencial em Jo\u00e3o Pessoa e Campina Grande (PB), Cuiab\u00e1 (MT), Fortaleza (CE), Gandu (BA), Palmas (TO), Rio Bananal (ES), <strong>Santa Izabel do Par\u00e1 (PA)<\/strong> e o polo sede em Bras\u00edlia.<\/p>\n<p>Para saber mais informa\u00e7\u00f5es sobre a Faculdade CNA, acesse:\u00a0<a href=\"https:\/\/cnabrasil.org.br\/faculdade\/graduacao\">https:\/\/cnabrasil.org.br\/facul&#8230;<\/a><\/p>\n","protected":false},"excerpt":{"rendered":"<p>A Faculdade CNA recebeu conceito 4, em uma escala de 1 a 5, no processo de avalia\u00e7\u00e3o institucional externa para recredenciamento do Minist\u00e9rio da Educa\u00e7\u00e3o (MEC). A Comiss\u00e3o formada pelos avaliadores do MEC, Cibele Barsalini Martins, Marist\u00e9lio da Cruz Costa e Saulo Germano Sales Dallago visitou o polo sede da Faculdade CNA, em Bras\u00edlia, entre [&hellip;]<\/p>\n","protected":false},"author":1,"featured_media":1365,"comment_status":"open","ping_status":"open","sticky":false,"template":"","format":"standard","meta":{"_et_pb_use_builder":"","_et_pb_old_content":"","_et_gb_content_width":"","footnotes":""},"categories":[1],"tags":[],"class_list":["post-1364","post","type-post","status-publish","format-standard","has-post-thumbnail","hentry","category-sem-categoria"],"_links":{"self":[{"href":"https:\/\/sistemafaepa.com.br\/faepa\/wp-json\/wp\/v2\/posts\/1364","targetHints":{"allow":["GET"]}}],"collection":[{"href":"https:\/\/sistemafaepa.com.br\/faepa\/wp-json\/wp\/v2\/posts"}],"about":[{"href":"https:\/\/sistemafaepa.com.br\/faepa\/wp-json\/wp\/v2\/types\/post"}],"author":[{"embeddable":true,"href":"https:\/\/sistemafaepa.com.br\/faepa\/wp-json\/wp\/v2\/users\/1"}],"replies":[{"embeddable":true,"href":"https:\/\/sistemafaepa.com.br\/faepa\/wp-json\/wp\/v2\/comments?post=1364"}],"version-history":[{"count":0,"href":"https:\/\/sistemafaepa.com.br\/faepa\/wp-json\/wp\/v2\/posts\/1364\/revisions"}],"wp:featuredmedia":[{"embeddable":true,"href":"https:\/\/sistemafaepa.com.br\/faepa\/wp-json\/"}],"wp:attachment":[{"href":"https:\/\/sistemafaepa.com.br\/faepa\/wp-json\/wp\/v2\/media?parent=1364"}],"wp:term":[{"taxonomy":"category","embeddable":true,"href":"https:\/\/sistemafaepa.com.br\/faepa\/wp-json\/wp\/v2\/categories?post=1364"},{"taxonomy":"post_tag","embeddable":true,"href":"https:\/\/sistemafaepa.com.br\/faepa\/wp-json\/wp\/v2\/tags?post=1364"}],"curies":[{"name":"wp","href":"https:\/\/api.w.org\/{rel}","templated":true}]}}