{"id":1363,"date":"2019-04-01T15:15:59","date_gmt":"2019-04-01T18:15:59","guid":{"rendered":"http:\/\/sistemafaepa.com.br\/faepa\/2019\/04\/01\/senar-e-susipe-tratam-sobre-a-capacitacao-de-detentos\/"},"modified":"2019-04-01T15:15:59","modified_gmt":"2019-04-01T18:15:59","slug":"senar-e-susipe-tratam-sobre-a-capacitacao-de-detentos","status":"publish","type":"post","link":"https:\/\/sistemafaepa.com.br\/faepa\/senar-e-susipe-tratam-sobre-a-capacitacao-de-detentos\/","title":{"rendered":"Senar e Susipe tratam sobre a capacita\u00e7\u00e3o de detentos"},"content":{"rendered":"<p>A oferta de cursos nas \u00e1reas de FPR &#8211; Forma\u00e7\u00e3o Profissional Rural e PS &#8211; Promo\u00e7\u00e3o Social para os internos do Sistema Penitenci\u00e1rio do Par\u00e1 foi um dos temas abordados no dia 29 de mar\u00e7o, em reuni\u00e3o entre o presidente da Federa\u00e7\u00e3o da Agricultura e Pecu\u00e1ria do Par\u00e1 (Faepa), Carlos Xavier e o superintendente do do Servi\u00e7o Nacional de Aprendizagem Rural (Senar), Walter Cardoso, com o diretor de Reinser\u00e7\u00e3o Social da Superintend\u00eancia do Sistema Penitenci\u00e1rio do Par\u00e1 (Susipe), Edwilson Souza Nascimento, e a T\u00e9cnica de Gest\u00e3o Penitenci\u00e1ria, Regina Gon\u00e7alves dos Santos.<\/p>\n<p>Na ocasi\u00e3o, ainda foram tratados temas relacionados a revitaliza\u00e7\u00e3o das unidades produtivas que ficam localizadas na col\u00f4nia agr\u00edcola.<\/p>\n<p>&nbsp;<\/p>\n<p>&nbsp;<\/p>\n","protected":false},"excerpt":{"rendered":"<p>A oferta de cursos nas \u00e1reas de FPR &#8211; Forma\u00e7\u00e3o Profissional Rural e PS &#8211; Promo\u00e7\u00e3o Social para os internos do Sistema Penitenci\u00e1rio do Par\u00e1 foi um dos temas abordados no dia 29 de mar\u00e7o, em reuni\u00e3o entre o presidente da Federa\u00e7\u00e3o da Agricultura e Pecu\u00e1ria do Par\u00e1 (Faepa), Carlos Xavier e o superintendente do [&hellip;]<\/p>\n","protected":false},"author":1,"featured_media":0,"comment_status":"open","ping_status":"open","sticky":false,"template":"","format":"standard","meta":{"_et_pb_use_builder":"","_et_pb_old_content":"","_et_gb_content_width":"","footnotes":""},"categories":[1],"tags":[],"class_list":["post-1363","post","type-post","status-publish","format-standard","hentry","category-sem-categoria"],"_links":{"self":[{"href":"https:\/\/sistemafaepa.com.br\/faepa\/wp-json\/wp\/v2\/posts\/1363","targetHints":{"allow":["GET"]}}],"collection":[{"href":"https:\/\/sistemafaepa.com.br\/faepa\/wp-json\/wp\/v2\/posts"}],"about":[{"href":"https:\/\/sistemafaepa.com.br\/faepa\/wp-json\/wp\/v2\/types\/post"}],"author":[{"embeddable":true,"href":"https:\/\/sistemafaepa.com.br\/faepa\/wp-json\/wp\/v2\/users\/1"}],"replies":[{"embeddable":true,"href":"https:\/\/sistemafaepa.com.br\/faepa\/wp-json\/wp\/v2\/comments?post=1363"}],"version-history":[{"count":0,"href":"https:\/\/sistemafaepa.com.br\/faepa\/wp-json\/wp\/v2\/posts\/1363\/revisions"}],"wp:attachment":[{"href":"https:\/\/sistemafaepa.com.br\/faepa\/wp-json\/wp\/v2\/media?parent=1363"}],"wp:term":[{"taxonomy":"category","embeddable":true,"href":"https:\/\/sistemafaepa.com.br\/faepa\/wp-json\/wp\/v2\/categories?post=1363"},{"taxonomy":"post_tag","embeddable":true,"href":"https:\/\/sistemafaepa.com.br\/faepa\/wp-json\/wp\/v2\/tags?post=1363"}],"curies":[{"name":"wp","href":"https:\/\/api.w.org\/{rel}","templated":true}]}}