{"id":1362,"date":"2019-04-01T14:44:07","date_gmt":"2019-04-01T17:44:07","guid":{"rendered":"http:\/\/sistemafaepa.com.br\/faepa\/2019\/04\/01\/lancamento-dos-projetos-de-patrocinador-e-apoiador-do-cirio-2019-reuniu-empresarios-na-faepa\/"},"modified":"2019-04-01T14:44:07","modified_gmt":"2019-04-01T17:44:07","slug":"lancamento-dos-projetos-de-patrocinador-e-apoiador-do-cirio-2019-reuniu-empresarios-na-faepa","status":"publish","type":"post","link":"https:\/\/sistemafaepa.com.br\/faepa\/lancamento-dos-projetos-de-patrocinador-e-apoiador-do-cirio-2019-reuniu-empresarios-na-faepa\/","title":{"rendered":"Lan\u00e7amento dos projetos de patrocinador e apoiador do C\u00edrio 2019 reuniu empres\u00e1rios na Faepa"},"content":{"rendered":"<p>A realiza\u00e7\u00e3o do C\u00edrio de Nazar\u00e9 deste ano j\u00e1 conta com 13 patrocinadores e 26 apoiadores, como foi anunciado, na noite de quinta-feira (28), quando a Diretoria da Festa, em conjunto com a Arquidiocese de Bel\u00e9m, lan\u00e7ou os projetos de Patrocinador\/Apoiador Oficial do C\u00edrio de Nazar\u00e9 2019, no audit\u00f3rio da Federa\u00e7\u00e3o da Agricultura e Pecu\u00e1ria do Par\u00e1 (Faepa).<\/p>\n<p>A iniciativa teve como objetivo apresentar os projetos e prospectar a capta\u00e7\u00e3o de recursos para a realiza\u00e7\u00e3o da maior festa cat\u00f3lica do mundo e para as obras sociais da Par\u00f3quia de Nossa Senhora de Nazar\u00e9.<\/p>\n<p>Na palestra de abertura, o educador Edson Franco falou sobre a rela\u00e7\u00e3o do empresariado com a religiosidade, no caso o C\u00edrio de Nazar\u00e9, e abordou os mandamentos de Amar a Deus sobre todas as coisas e ao pr\u00f3ximo como a si mesmo, em rela\u00e7\u00e3o direta com a evangeliza\u00e7\u00e3o e valores presentes no C\u00edrio de Nazar\u00e9.<\/p>\n<p>O diretor-coordenador da Festa de Nazar\u00e9, Cl\u00e1udio Acatauassu enfatizou que levar a Boa Nova \u00e9 um compromisso de todos, exortando os empres\u00e1rios a participarem dos preparativos do C\u00edrio.<\/p>\n<p>Por fim, o arcebispo metropolitano de Bel\u00e9m, Dom Alberto Taveira, enfatizou a contribui\u00e7\u00e3o que os empres\u00e1rios d\u00e3o ao C\u00edrio todos os anos. &#8220;Em uma provoca\u00e7\u00e3o positiva, pergunto qual o produto que o C\u00edrio &#8216;vende&#8217;?. O C\u00edrio oferece para a popula\u00e7\u00e3o a dignidade&#8221;, afirmou.\u00a0Lembrou o papa Bento XVI que disse aos bispos brasileiros que &#8220;a religiosidade popular j\u00e1 \u00e9 evangeliza\u00e7\u00e3o&#8221; e destacou que o C\u00edrio trabalha valores construtivos na sociedade.<\/p>\n<p>O evento contou com a ben\u00e7\u00e3o da Imagem Peregrina de Nossa Senhora de Nazar\u00e9, que foi conduzida at\u00e9 o altar pelo anfitri\u00e3o, o presidente da Faepa, Carlos Xavier.<\/p>\n<p><strong>Mais informa\u00e7\u00f5es sobre os projetos do C\u00edrio 2019:<\/strong><\/p>\n<p>91-4009-8417<\/p>\n<p>www.ciriodenazare.com.br<\/p>\n","protected":false},"excerpt":{"rendered":"<p>A realiza\u00e7\u00e3o do C\u00edrio de Nazar\u00e9 deste ano j\u00e1 conta com 13 patrocinadores e 26 apoiadores, como foi anunciado, na noite de quinta-feira (28), quando a Diretoria da Festa, em conjunto com a Arquidiocese de Bel\u00e9m, lan\u00e7ou os projetos de Patrocinador\/Apoiador Oficial do C\u00edrio de Nazar\u00e9 2019, no audit\u00f3rio da Federa\u00e7\u00e3o da Agricultura e Pecu\u00e1ria [&hellip;]<\/p>\n","protected":false},"author":1,"featured_media":0,"comment_status":"open","ping_status":"open","sticky":false,"template":"","format":"standard","meta":{"_et_pb_use_builder":"","_et_pb_old_content":"","_et_gb_content_width":"","footnotes":""},"categories":[1],"tags":[],"class_list":["post-1362","post","type-post","status-publish","format-standard","hentry","category-sem-categoria"],"_links":{"self":[{"href":"https:\/\/sistemafaepa.com.br\/faepa\/wp-json\/wp\/v2\/posts\/1362","targetHints":{"allow":["GET"]}}],"collection":[{"href":"https:\/\/sistemafaepa.com.br\/faepa\/wp-json\/wp\/v2\/posts"}],"about":[{"href":"https:\/\/sistemafaepa.com.br\/faepa\/wp-json\/wp\/v2\/types\/post"}],"author":[{"embeddable":true,"href":"https:\/\/sistemafaepa.com.br\/faepa\/wp-json\/wp\/v2\/users\/1"}],"replies":[{"embeddable":true,"href":"https:\/\/sistemafaepa.com.br\/faepa\/wp-json\/wp\/v2\/comments?post=1362"}],"version-history":[{"count":0,"href":"https:\/\/sistemafaepa.com.br\/faepa\/wp-json\/wp\/v2\/posts\/1362\/revisions"}],"wp:attachment":[{"href":"https:\/\/sistemafaepa.com.br\/faepa\/wp-json\/wp\/v2\/media?parent=1362"}],"wp:term":[{"taxonomy":"category","embeddable":true,"href":"https:\/\/sistemafaepa.com.br\/faepa\/wp-json\/wp\/v2\/categories?post=1362"},{"taxonomy":"post_tag","embeddable":true,"href":"https:\/\/sistemafaepa.com.br\/faepa\/wp-json\/wp\/v2\/tags?post=1362"}],"curies":[{"name":"wp","href":"https:\/\/api.w.org\/{rel}","templated":true}]}}