{"id":1360,"date":"2019-03-26T18:54:15","date_gmt":"2019-03-26T21:54:15","guid":{"rendered":"http:\/\/sistemafaepa.com.br\/faepa\/2019\/03\/26\/participantes-do-cna-jovem-vao-propor-solucoes-para-os-desafios-do-agro\/"},"modified":"2019-03-26T18:54:15","modified_gmt":"2019-03-26T21:54:15","slug":"participantes-do-cna-jovem-vao-propor-solucoes-para-os-desafios-do-agro","status":"publish","type":"post","link":"https:\/\/sistemafaepa.com.br\/faepa\/participantes-do-cna-jovem-vao-propor-solucoes-para-os-desafios-do-agro\/","title":{"rendered":"Participantes do CNA Jovem v\u00e3o propor solu\u00e7\u00f5es para os desafios do agro"},"content":{"rendered":"<p>Os 61 participantes de 21 Estados da 3\u00aa edi\u00e7\u00e3o do CNA Jovem Nacional participaram de um encontro, de sexta (22) a domingo (24) em Bras\u00edlia, onde participaram de uma s\u00e9rie de atividades, de debates e de palestras sobre o processo legislativo e, agora, ter\u00e3o a miss\u00e3o de apresentar nas pr\u00f3ximas etapas solu\u00e7\u00f5es inovadoras para o setor agropecu\u00e1rio.<\/p>\n<figure><img decoding=\"async\" title=\"Superintendente t\u00e9cnico da CNA, Bruno Lucchi, na palestra \u201cUma vis\u00e3o do futuro da agropecu\u00e1ria\" src=\"https:\/\/www.cnabrasil.org.br\/assets\/images\/BrunO_Lucchi.jpg\" alt=\"Superintendente t\u00e9cnico da CNA, Bruno Lucchi, na palestra \u201cUma vis\u00e3o do futuro da agropecu\u00e1ria\" data-image=\"132931\" \/><figcaption>Superintendente t\u00e9cnico da CNA, Bruno Lucchi, na palestra \u201cUma vis\u00e3o do futuro da agropecu\u00e1ria&#8221;<\/figcaption><\/figure>\n<p>No primeiro encontro nacional desta edi\u00e7\u00e3o do programa promovido pelo Sistema CNA\/Senar, os jovens foram divididos em grupos e definiram os seis desafios para os quais ir\u00e3o propor solu\u00e7\u00f5es. S\u00e3o eles: inser\u00e7\u00e3o de profissionais nas propriedades rurais, necessidade de agregar valor aos produtos agr\u00edcolas, organiza\u00e7\u00e3o de produtores com baixo volume de comercializa\u00e7\u00e3o, ampliar a utiliza\u00e7\u00e3o de ferramentas de gest\u00e3o, estimular a rentabilidade de produtores da classe C e o fortalecimento dos sindicatos rurais.<\/p>\n<p>Para refinar os desafios, definir e priorizar os crit\u00e9rios que devem avaliar se o desafio foi vencido, os jovens ter\u00e3o suporte a dist\u00e2ncia, por meio de consultores contratados e ambiente virtual onde ter\u00e3o oportunidade de continuarem as atividades at\u00e9 o pr\u00f3ximo encontro presencial, onde eles v\u00e3o come\u00e7ar a trabalhar as solu\u00e7\u00f5es.<\/p>\n<figure><img decoding=\"async\" title=\"Andr\u00e9a Barbosa explicaos crit\u00e9rios avaliativos da 3\u00aa edi\u00e7\u00e3o do Programa CNA Jovem\" src=\"https:\/\/www.cnabrasil.org.br\/assets\/images\/andrea_190325_210906.jpg\" alt=\"Andr\u00e9a Barbosa explicaos crit\u00e9rios avaliativos da 3\u00aa edi\u00e7\u00e3o do Programa CNA Jovem\" data-image=\"132934\" \/><figcaption>Andr\u00e9a Barbosa explica os crit\u00e9rios avaliativos da 3\u00aa edi\u00e7\u00e3o do Programa CNA Jovem<\/figcaption><\/figure>\n<p>Para a diretora de Educa\u00e7\u00e3o Profissional e Promo\u00e7\u00e3o Social do Senar, Andr\u00e9a Barbosa, os jovens demonstraram alta capacidade de articula\u00e7\u00e3o e empenho para a resolu\u00e7\u00e3o de quest\u00f5es relacionadas ao desenvolvimento do agro.<\/p>\n<p>\u201cOs jovens mostraram o engajamento e disposi\u00e7\u00e3o em trabalhar pela agropecu\u00e1ria brasileira. Neste primeiro encontro presencial focamos na identifica\u00e7\u00e3o dos desafios do setor. At\u00e9 a \u00faltima etapa do CNA Jovem, eles dever\u00e3o planejar e propor solu\u00e7\u00f5es para os desafios identificados\u201d, afirmou.<\/p>\n<figure><img decoding=\"async\" title=\"Jovens lideran\u00e7as debatem os desafios do setor agropecu\u00e1rio\" src=\"https:\/\/www.cnabrasil.org.br\/assets\/images\/oficina.jpg\" alt=\"Jovens lideran\u00e7as debatem os desafios do setor agropecu\u00e1rio\" data-image=\"132937\" \/><figcaption>Jovens lideran\u00e7as debatem os desafios do setor agropecu\u00e1rio<\/figcaption><\/figure>\n<p>As jovens lideran\u00e7as do agro participaram de uma oficina para conhecer os detalhes do processo legislativo, em que tiveram a oportunidade de simular a elabora\u00e7\u00e3o de um projeto de Lei sobre a tem\u00e1tica de defensivos agr\u00edcolas, passando por todos os tr\u00e2mites. Na sexta (22), os jovens haviam feito uma visita t\u00e9cnica ao Congresso Nacional.<\/p>\n<p>O jovem Ant\u00f4nio Vitor, representante do Par\u00e1, definiu como \u201cextraordin\u00e1rio\u201d o primeiro encontro presencial do programa. \u201cVolto para o meu Estado com muitos sonhos, com muita vontade de trabalhar pelo agroneg\u00f3cio e de inspirar outras pessoas a seguirem esse caminho\u201d.<\/p>\n<figure><img decoding=\"async\" title=\"Ant\u00f4nio Vitor \u00e9 o primeiro da esquerda para a direita\" src=\"https:\/\/www.cnabrasil.org.br\/assets\/images\/Antonio_VitorWEB.jpg\" alt=\"Ant\u00f4nio Vitor \u00e9 o primeiro da esquerda para a direita\" data-image=\"132940\" \/><figcaption>Ant\u00f4nio Vitor \u00e9 o primeiro da esquerda para a direita<\/figcaption><\/figure>\n<p>\u201cEstar no CNA Jovem tem sido uma experi\u00eancia sensacional que contribui para o autoconhecimento e de identifica\u00e7\u00e3o dos nossos talentos para coloca-los a servi\u00e7o do agro, um setor t\u00e3o importante para a sociedade brasileira\u201d, disse Ant\u00f4nio Vitor.<\/p>\n<p>O CNA Jovem Nacional 2019 ter\u00e1 mais tr\u00eas encontros: de 26 a 28 de abril, de 31 de maio a 2 de junho e de 5 a 7 de julho. No encontro final ser\u00e3o anunciados as tr\u00eas jovens lideran\u00e7as de mais destaque e o projeto vencedor desta edi\u00e7\u00e3o.<\/p>\n","protected":false},"excerpt":{"rendered":"<p>Os 61 participantes de 21 Estados da 3\u00aa edi\u00e7\u00e3o do CNA Jovem Nacional participaram de um encontro, de sexta (22) a domingo (24) em Bras\u00edlia, onde participaram de uma s\u00e9rie de atividades, de debates e de palestras sobre o processo legislativo e, agora, ter\u00e3o a miss\u00e3o de apresentar nas pr\u00f3ximas etapas solu\u00e7\u00f5es inovadoras para o [&hellip;]<\/p>\n","protected":false},"author":1,"featured_media":1361,"comment_status":"open","ping_status":"open","sticky":false,"template":"","format":"standard","meta":{"_et_pb_use_builder":"","_et_pb_old_content":"","_et_gb_content_width":"","footnotes":""},"categories":[1],"tags":[],"class_list":["post-1360","post","type-post","status-publish","format-standard","has-post-thumbnail","hentry","category-sem-categoria"],"_links":{"self":[{"href":"https:\/\/sistemafaepa.com.br\/faepa\/wp-json\/wp\/v2\/posts\/1360","targetHints":{"allow":["GET"]}}],"collection":[{"href":"https:\/\/sistemafaepa.com.br\/faepa\/wp-json\/wp\/v2\/posts"}],"about":[{"href":"https:\/\/sistemafaepa.com.br\/faepa\/wp-json\/wp\/v2\/types\/post"}],"author":[{"embeddable":true,"href":"https:\/\/sistemafaepa.com.br\/faepa\/wp-json\/wp\/v2\/users\/1"}],"replies":[{"embeddable":true,"href":"https:\/\/sistemafaepa.com.br\/faepa\/wp-json\/wp\/v2\/comments?post=1360"}],"version-history":[{"count":0,"href":"https:\/\/sistemafaepa.com.br\/faepa\/wp-json\/wp\/v2\/posts\/1360\/revisions"}],"wp:featuredmedia":[{"embeddable":true,"href":"https:\/\/sistemafaepa.com.br\/faepa\/wp-json\/"}],"wp:attachment":[{"href":"https:\/\/sistemafaepa.com.br\/faepa\/wp-json\/wp\/v2\/media?parent=1360"}],"wp:term":[{"taxonomy":"category","embeddable":true,"href":"https:\/\/sistemafaepa.com.br\/faepa\/wp-json\/wp\/v2\/categories?post=1360"},{"taxonomy":"post_tag","embeddable":true,"href":"https:\/\/sistemafaepa.com.br\/faepa\/wp-json\/wp\/v2\/tags?post=1360"}],"curies":[{"name":"wp","href":"https:\/\/api.w.org\/{rel}","templated":true}]}}