{"id":1358,"date":"2019-03-25T14:12:08","date_gmt":"2019-03-25T17:12:08","guid":{"rendered":"http:\/\/sistemafaepa.com.br\/faepa\/2019\/03\/25\/presidente-da-faepa-participa-de-evento-sobre-meteorologia-e-mudancas-climaticas\/"},"modified":"2019-03-25T14:12:08","modified_gmt":"2019-03-25T17:12:08","slug":"presidente-da-faepa-participa-de-evento-sobre-meteorologia-e-mudancas-climaticas","status":"publish","type":"post","link":"https:\/\/sistemafaepa.com.br\/faepa\/presidente-da-faepa-participa-de-evento-sobre-meteorologia-e-mudancas-climaticas\/","title":{"rendered":"Presidente da FAEPA participa de evento sobre meteorologia e mudan\u00e7as clim\u00e1ticas"},"content":{"rendered":"<p>Com o tema \u201cO Sol, a Terra e o Tempo\u201d, o 2\u00ba Distrito do Instituto Nacional de Meteorologia (INMET), em Bel\u00e9m, celebrou o Dia Meteorol\u00f3gico Mundial atrav\u00e9s da realiza\u00e7\u00e3o de um evento na Universidade Federal Rural da Amaz\u00f4nia, Campus Bel\u00e9m, no \u00faltimo dia 21 de mar\u00e7o<\/p>\n<p>O encontro teve como objetivo discutir a import\u00e2ncia dos estudos na \u00e1rea e o papel da Organiza\u00e7\u00e3o Meteorol\u00f3gica Mundial (OMM) e dos Servi\u00e7os Meteorol\u00f3gicos e Hidrol\u00f3gicos Nacionais (SMHNs) no monitoramento do Sistema Terra para oferecer previs\u00f5es meteorol\u00f3gicas di\u00e1rias e fornecer subs\u00eddios a respeito das mudan\u00e7as clim\u00e1ticas.<\/p>\n<p>O presidente da Federa\u00e7\u00e3o da Agricultura e Pecu\u00e1ria do Par\u00e1 (FAEPA), Carlos Xavier;\u00a0\u00a0comp\u00f4s a mesa de abertura ao lado do reitor da Ufra, professor Marcel Botelho, do coordenador do INMET\/2\u00ba Distrito, Jos\u00e9 Raimundo de Sousa;\u00a0 do superintendente da Comiss\u00e3o Executiva do Plano da Lavoura Cacaueira (CEPLAC), Jos\u00e9 Raul do Santos; do presidente do CIP\/FIEPA, Jos\u00e9 Maria Mendon\u00e7a; da 1\u00b0 Tenente Fernanda Pitol, representando o Centro de Instru\u00e7\u00e3o Almirante Braz de Aguiar (CIABA); do Tenente Coronel Jorge Wallacy, representando a 9\u00b0 ala da Aeron\u00e1utica em Bel\u00e9m; e de representantes da Universidade Federal do Par\u00e1 (UFPA) e da Norte Energia.<\/p>\n<p>O ciclo de palestras foi aberto com a palestra do Coordenador do INMET\/2\u00ba Distrito, Jos\u00e9 Raimundo de Sousa, que falou sobre o monitoramento do tempo e do clima para o desenvolvimento sustent\u00e1vel na Amaz\u00f4nia. Atrav\u00e9s de gr\u00e1ficos e dados, ele demonstrou os efeitos que as mudan\u00e7as clim\u00e1ticas v\u00eam causando na regi\u00e3o nos \u00faltimos anos.<\/p>\n<p>Outro palestrante do evento foi o Professor da Ufra Paulo Jorge de Oliveira Souza, que atua na \u00e1rea de Meteorologia Agr\u00edcola. O professor falou sobre a variabilidade clim\u00e1tica e seu papel na quebra da produtividade agr\u00edcola. &#8220;\u00c9 importante que o produtor conhe\u00e7a essa variabilidade e entenda como o fator clim\u00e1tico pode interferir nessa quebra de produtividade\u201d, disse, alertando para o aumento no pre\u00e7o dos produtos que chegam \u00e0 mesa do consumidor, como \u00e9 o caso atualmente do feij\u00e3o.<\/p>\n","protected":false},"excerpt":{"rendered":"<p>Com o tema \u201cO Sol, a Terra e o Tempo\u201d, o 2\u00ba Distrito do Instituto Nacional de Meteorologia (INMET), em Bel\u00e9m, celebrou o Dia Meteorol\u00f3gico Mundial atrav\u00e9s da realiza\u00e7\u00e3o de um evento na Universidade Federal Rural da Amaz\u00f4nia, Campus Bel\u00e9m, no \u00faltimo dia 21 de mar\u00e7o O encontro teve como objetivo discutir a import\u00e2ncia dos [&hellip;]<\/p>\n","protected":false},"author":1,"featured_media":1359,"comment_status":"open","ping_status":"open","sticky":false,"template":"","format":"standard","meta":{"_et_pb_use_builder":"","_et_pb_old_content":"","_et_gb_content_width":"","footnotes":""},"categories":[1],"tags":[],"class_list":["post-1358","post","type-post","status-publish","format-standard","has-post-thumbnail","hentry","category-sem-categoria"],"_links":{"self":[{"href":"https:\/\/sistemafaepa.com.br\/faepa\/wp-json\/wp\/v2\/posts\/1358","targetHints":{"allow":["GET"]}}],"collection":[{"href":"https:\/\/sistemafaepa.com.br\/faepa\/wp-json\/wp\/v2\/posts"}],"about":[{"href":"https:\/\/sistemafaepa.com.br\/faepa\/wp-json\/wp\/v2\/types\/post"}],"author":[{"embeddable":true,"href":"https:\/\/sistemafaepa.com.br\/faepa\/wp-json\/wp\/v2\/users\/1"}],"replies":[{"embeddable":true,"href":"https:\/\/sistemafaepa.com.br\/faepa\/wp-json\/wp\/v2\/comments?post=1358"}],"version-history":[{"count":0,"href":"https:\/\/sistemafaepa.com.br\/faepa\/wp-json\/wp\/v2\/posts\/1358\/revisions"}],"wp:featuredmedia":[{"embeddable":true,"href":"https:\/\/sistemafaepa.com.br\/faepa\/wp-json\/"}],"wp:attachment":[{"href":"https:\/\/sistemafaepa.com.br\/faepa\/wp-json\/wp\/v2\/media?parent=1358"}],"wp:term":[{"taxonomy":"category","embeddable":true,"href":"https:\/\/sistemafaepa.com.br\/faepa\/wp-json\/wp\/v2\/categories?post=1358"},{"taxonomy":"post_tag","embeddable":true,"href":"https:\/\/sistemafaepa.com.br\/faepa\/wp-json\/wp\/v2\/tags?post=1358"}],"curies":[{"name":"wp","href":"https:\/\/api.w.org\/{rel}","templated":true}]}}