{"id":1353,"date":"2019-03-19T15:05:03","date_gmt":"2019-03-19T18:05:03","guid":{"rendered":"http:\/\/sistemafaepa.com.br\/faepa\/2019\/03\/19\/conheca-os-selecionados-na-etapa-estadual-do-programa-cna-jovem\/"},"modified":"2019-03-19T15:05:03","modified_gmt":"2019-03-19T18:05:03","slug":"conheca-os-selecionados-na-etapa-estadual-do-programa-cna-jovem","status":"publish","type":"post","link":"https:\/\/sistemafaepa.com.br\/faepa\/conheca-os-selecionados-na-etapa-estadual-do-programa-cna-jovem\/","title":{"rendered":"Conhe\u00e7a os selecionados na Etapa Estadual do programa CNA Jovem"},"content":{"rendered":"<p>O superintendente do SENAR-PA, Walter Cardoso, e os selecionados para participar da Etapa Nacional do CNA Jovem. S\u00e3o eles: Keyvilla da Costa Aguiar, Ant\u00f4nio Victor Ferreira Silva, Let\u00edcia Cunha da Hungria e Elaine Nathalie.<\/p>\n<p>O primeiro encontro nacional acontece de 22 a 24 de mar\u00e7o, em Bras\u00edlia.<\/p>\n<p><strong>Programa CNA Jovem<\/strong><\/p>\n<p>As mudan\u00e7as pelas quais passam o mundo, o Brasil e o setor agropecu\u00e1rio s\u00e3o profundas. As lideran\u00e7as que constru\u00edram a robustez do setor aos poucos sair\u00e3o de cena. Por isso, precisamos de novas lideran\u00e7as que saibam construir um futuro ainda mais exitoso.<\/p>\n<p>O CNA Jovem \u00e9 uma iniciativa estrat\u00e9gica da Confedera\u00e7\u00e3o da Agricultura e Pecu\u00e1ria do Brasil &#8211; CNA, que por meio de capacita\u00e7\u00f5es do SENAR, pode descobrir potenciais de lideran\u00e7a na nossa juventude rural. A cada encontro, o desafio para que se desenvolvam e assumam progressivamente o protagonismo nas \u00e1reas institucional, sindical, pol\u00edtico-partid\u00e1ria, educacional e empresarial.<\/p>\n<p>Ao longo dos \u00faltimos cinco anos, o CNA Jovem, que come\u00e7ou com uma iniciativa nacional, ampliou-se, e hoje \u00e9 um programa bem estruturado com visibilidade em todo o pa\u00eds.<\/p>\n<p>J\u00e1 foram realizadas duas Edi\u00e7\u00f5es Nacionais, duas Edi\u00e7\u00f5es Estaduais, uma Edi\u00e7\u00e3o Especial com egressos, e constitu\u00edda uma Rede que congrega os egressos de cada Edi\u00e7\u00e3o em torno de atividades nas quais possam, ao mesmo tempo, desenvolver compet\u00eancias de lideran\u00e7a, atuar em quest\u00f5es de interesse do Sistema, e assegurar que os futuros l\u00edderes do Setor j\u00e1 disponham de um networking que cobre praticamente o Brasil inteiro.<\/p>\n<p>Voltado para brasileiros com esp\u00edrito de lideran\u00e7a, com idade entre 22 e 30 anos, forma\u00e7\u00e3o t\u00e9cnica ou superior, o programa visa identificar e apoiar o desenvolvimento de novas lideran\u00e7as para a agropecu\u00e1ria brasileira.<\/p>\n<p>O jovem que participa do programa tem oportunidade de participar de trabalhos e discuss\u00f5es de grande relev\u00e2ncia para o Brasil e ter\u00e1 acesso a lideran\u00e7as de refer\u00eancia em nossa sociedade.<\/p>\n<p><strong>Vis\u00e3o sist\u00eamica da rede CNA Jovem<\/strong><\/p>\n<p><strong>Curso a dist\u00e2ncia de Lideran\u00e7a Empreendedora<\/strong><\/p>\n<p>Desde o in\u00edcio de 2018, o Curso a Dist\u00e2ncia de Lideran\u00e7a Empreendedora \u00e9 o n\u00edvel de entrada oficial no Programa. Os jovens que ingressam no curso t\u00eam a oportunidade de participar de um treinamento inovador, que trata das grandes quest\u00f5es da agropecu\u00e1ria mundial e brasileira, transmiti conhecimentos sobre o Sistema, e aponta os desafios \u00e0 espera de lideran\u00e7as capazes de enfrent\u00e1-los. Idealmente, os jovens que concluem o curso tendo uma boa no\u00e7\u00e3o sobre o significado de Lideran\u00e7a Empreendedora, sobre suas pr\u00f3prias caracter\u00edsticas de lideran\u00e7a, e sobre os desafios que t\u00eam condi\u00e7\u00f5es e vontade de enfrentar.<\/p>\n<p>Somente os egressos do curso de Lideran\u00e7a que forem considerados capacitados a seguir adiante est\u00e3o habilitados a participar do CNA Jovem Etapa Estadual, primeira fase presencial do programa.<\/p>\n<p><strong>CNA Jovem Etapa Estadual<\/strong><\/p>\n<p>Desde 2016, as Administra\u00e7\u00f5es Regionais do SENAR passaram a realizar o CNA Jovem Etapa Estadual, que funciona tamb\u00e9m como a principal forma de sele\u00e7\u00e3o de jovens com o perfil de lideran\u00e7a apropriado para Etapa Nacional.<\/p>\n<p>O CNA Jovem Etapa Estadual 2018 possui tr\u00eas encontros presenciais em fins de semana, distribu\u00eddos ao longo de um prazo aproximado de 60 dias, e complementados por trabalhos realizados remotamente.<\/p>\n<p>Os encontros presenciais foram estruturados como momentos de imers\u00e3o dos participantes no contexto da lideran\u00e7a em situa\u00e7\u00f5es n\u00e3o hier\u00e1rquicas \u2013 quando negociar, persuadir e conciliar interesses por vezes antag\u00f4nicos \u00e9 indispens\u00e1vel para o sucesso.<\/p>\n<p>Entre os recursos utilizados est\u00e3o exposi\u00e7\u00f5es pelos instrutores, palestras de convidados, v\u00eddeos ilustrativos, debates, exerc\u00edcios individuais e em grupo, durante os \u00e9 poss\u00edvel desenvolver, colocar \u00e0 prova e ter avaliadas continuamente as suas compet\u00eancias.<\/p>\n<p>Para as Federa\u00e7\u00f5es e a Administra\u00e7\u00f5es Regionais do SENAR, o objetivo principal do CNA Jovem Etapa Estadual \u00e9 engajar jovens locais na resolu\u00e7\u00e3o de desafios do agro no Estado. Ao mesmo tempo, inicia-se o desenvolvimento de novos quadros de lideran\u00e7a conhecedores da realidade de atividades e microrregi\u00f5es para enfrentar os desafios locais do Setor.<\/p>\n<p>O produto final do CNA Jovem Etapa Estadual \u00e9 um plano de a\u00e7\u00e3o voltado para cen\u00e1rios e gargalos relacionados \u00e0 agropecu\u00e1ria e quest\u00f5es com que se defronta o Setor no estado. Os melhores planos e os jovens com perfil de lideran\u00e7a de maior destaque s\u00e3o selecionados para participar da Etapa Nacional do CNA.<\/p>\n<p><strong>CNA Jovem Etapa Nacional<\/strong><\/p>\n<p>A Etapa Nacional est\u00e1 posicionada como o ponto culminante do Programa. Ela re\u00fane os melhores potenciais de lideran\u00e7a da Etapa Estadual nos diversos estados. Baseia-se na constru\u00e7\u00e3o de propostas inovadoras e vi\u00e1veis para a solu\u00e7\u00e3o de grandes desafios do agro.<\/p>\n<p>Na fase nacional, o jovem intensifica a prepara\u00e7\u00e3o para ocupar pap\u00e9is de lideran\u00e7a, \u00e9 estimulado a pensar e trabalhar com base nos grandes desafios do Brasil e do mundo, com inova\u00e7\u00e3o, e assim agrega um conjunto de ferramentas indispens\u00e1veis ao of\u00edcio de l\u00edder no mundo contempor\u00e2neo.<\/p>\n<p>Esta etapa possui quatro encontros aos finais de semana e uma s\u00e9rie de a\u00e7\u00f5es realizadas pelos participantes em seus locais de origem, entre um encontro e outro. Cada encontro ser\u00e1 dedicado a um tema dentro do modelo de Lideran\u00e7a Empreendedora. As palestras, discuss\u00f5es, oficinas, din\u00e2micas e demais atividades sempre giram em torno do tema central do encontro.<\/p>\n<p>Ao final, todos os participantes passam a integrar a Rede CNA Jovem.<\/p>\n<p><strong>Rede CNA Jovem<\/strong><\/p>\n<p>A Rede agrega todos participantes das etapas presenciais do Programa. Ela nasceu com dois objetivos principais:<\/p>\n<p>Criar um espa\u00e7o de interc\u00e2mbio entre os participantes do Programa no Brasil inteiro, independentemente de a\u00e7\u00f5es espec\u00edficas comandadas pelo Senar Central.<br \/>\nPermitir que os jovens criem e trabalhem em propostas inovadoras para o avan\u00e7o do Setor<\/p>\n<p>A Rede foi organizada com base nas cinco \u00e1reas de foco (Institucional, Sindical, Educacional, Empresarial e Pol\u00edtico-Partid\u00e1ria), e tamb\u00e9m na Sucess\u00e3o, que \u00e9 transversal a todas.<\/p>\n<p>Os jovens devem se filiar a um desses focos dentro da Rede, e o foco sucess\u00f3rio \u00e9 transversal, permitindo que qualquer jovem se associe a ele tamb\u00e9m.<\/p>\n<p>Existem tr\u00eas n\u00edveis de envolvimento com a Rede: participante, membro e l\u00edder de \u00e1rea de foco. O l\u00edder da \u00e1rea de foco e os membros se comprometem a atuar e dedicar um tempo espec\u00edfico ao grupo, enquanto que os participantes apenas assistem e acessam ao que acontece na Rede.<\/p>\n<p>As atividades da Rede funcionam em ciclos e cada ciclo possui um objetivo especifico. Propostas de projetos inovadores para as \u00e1reas de foco, rodadas de webinars, congressos virtuais, oficina de gera\u00e7\u00e3o de ideias inovadoras para supera\u00e7\u00e3o de desafios complexos, estudo para implementa\u00e7\u00e3o de observat\u00f3rios, s\u00e3o exemplos de a\u00e7\u00f5es trabalhadas em ciclos na Rede.<\/p>\n<p>A Rede conta com um site, uma ferramenta que centraliza as intera\u00e7\u00f5es de forma privada, sendo de uso exclusivo para os participantes do Programa CNA Jovem.<\/p>\n<p><a href=\"https:\/\/redecnajovem.org.br\">https:\/\/redecnajovem.org.br\u00a0<\/a><\/p>\n","protected":false},"excerpt":{"rendered":"<p>O superintendente do SENAR-PA, Walter Cardoso, e os selecionados para participar da Etapa Nacional do CNA Jovem. S\u00e3o eles: Keyvilla da Costa Aguiar, Ant\u00f4nio Victor Ferreira Silva, Let\u00edcia Cunha da Hungria e Elaine Nathalie. O primeiro encontro nacional acontece de 22 a 24 de mar\u00e7o, em Bras\u00edlia. Programa CNA Jovem As mudan\u00e7as pelas quais passam [&hellip;]<\/p>\n","protected":false},"author":1,"featured_media":1354,"comment_status":"open","ping_status":"open","sticky":false,"template":"","format":"standard","meta":{"_et_pb_use_builder":"","_et_pb_old_content":"","_et_gb_content_width":"","footnotes":""},"categories":[1],"tags":[],"class_list":["post-1353","post","type-post","status-publish","format-standard","has-post-thumbnail","hentry","category-sem-categoria"],"_links":{"self":[{"href":"https:\/\/sistemafaepa.com.br\/faepa\/wp-json\/wp\/v2\/posts\/1353","targetHints":{"allow":["GET"]}}],"collection":[{"href":"https:\/\/sistemafaepa.com.br\/faepa\/wp-json\/wp\/v2\/posts"}],"about":[{"href":"https:\/\/sistemafaepa.com.br\/faepa\/wp-json\/wp\/v2\/types\/post"}],"author":[{"embeddable":true,"href":"https:\/\/sistemafaepa.com.br\/faepa\/wp-json\/wp\/v2\/users\/1"}],"replies":[{"embeddable":true,"href":"https:\/\/sistemafaepa.com.br\/faepa\/wp-json\/wp\/v2\/comments?post=1353"}],"version-history":[{"count":0,"href":"https:\/\/sistemafaepa.com.br\/faepa\/wp-json\/wp\/v2\/posts\/1353\/revisions"}],"wp:featuredmedia":[{"embeddable":true,"href":"https:\/\/sistemafaepa.com.br\/faepa\/wp-json\/"}],"wp:attachment":[{"href":"https:\/\/sistemafaepa.com.br\/faepa\/wp-json\/wp\/v2\/media?parent=1353"}],"wp:term":[{"taxonomy":"category","embeddable":true,"href":"https:\/\/sistemafaepa.com.br\/faepa\/wp-json\/wp\/v2\/categories?post=1353"},{"taxonomy":"post_tag","embeddable":true,"href":"https:\/\/sistemafaepa.com.br\/faepa\/wp-json\/wp\/v2\/tags?post=1353"}],"curies":[{"name":"wp","href":"https:\/\/api.w.org\/{rel}","templated":true}]}}