{"id":1350,"date":"2019-03-18T18:59:17","date_gmt":"2019-03-18T21:59:17","guid":{"rendered":"http:\/\/sistemafaepa.com.br\/faepa\/2019\/03\/18\/paragominas-recebe-seminario-sobre-atividades-economicas-no-agronegocio-e-oportunidades-de-negocios\/"},"modified":"2019-03-18T18:59:17","modified_gmt":"2019-03-18T21:59:17","slug":"paragominas-recebe-seminario-sobre-atividades-economicas-no-agronegocio-e-oportunidades-de-negocios","status":"publish","type":"post","link":"https:\/\/sistemafaepa.com.br\/faepa\/paragominas-recebe-seminario-sobre-atividades-economicas-no-agronegocio-e-oportunidades-de-negocios\/","title":{"rendered":"Paragominas recebe semin\u00e1rio sobre atividades econ\u00f4micas no agroneg\u00f3cio e oportunidades de neg\u00f3cios"},"content":{"rendered":"<p>O CONDEEPA &#8211; Conselho de Desenvolvimento Econ\u00f4mico de Paragominas, atrav\u00e9s do Sindicato dos Produtores Rurais de Paragominas, Sindicato dos Comerciantes, Sindicato do Setor Florestal, e, em parceria com o SEBRAE e a Prefeitura Municipal, promovem no pr\u00f3ximo dia 28 de mar\u00e7o, o I Semin\u00e1rio sobre alternativas de atividades econ\u00f4micas no agroneg\u00f3cio e oportunidades de neg\u00f3cios para pequenos e grandes produtores.<\/p>\n<p>Na palestra de abertura, o propriet\u00e1rio da Citropar, J\u00fanior Zamperlini, falar\u00e1 sobre o maior projeto de cultivo de citricultura da regi\u00e3o Norte. Em seguida, haver\u00e1 uma apresenta\u00e7\u00e3o sobre a micro usina de \u00e1lcool a base de mandioca, com o senhor Amilton, e, na sequ\u00eancia, Arnaldo Betzel e equipe, falar\u00e3o a respeito das vantagens econ\u00f4micas no cultivo de a\u00e7a\u00ed irrigado.<\/p>\n<p>O evento iniciar\u00e1 \u00e0s 19h, no audit\u00f3rio Inoc\u00eancio Oliveira, no Parque de Exposi\u00e7\u00e3o.<\/p>\n","protected":false},"excerpt":{"rendered":"<p>O CONDEEPA &#8211; Conselho de Desenvolvimento Econ\u00f4mico de Paragominas, atrav\u00e9s do Sindicato dos Produtores Rurais de Paragominas, Sindicato dos Comerciantes, Sindicato do Setor Florestal, e, em parceria com o SEBRAE e a Prefeitura Municipal, promovem no pr\u00f3ximo dia 28 de mar\u00e7o, o I Semin\u00e1rio sobre alternativas de atividades econ\u00f4micas no agroneg\u00f3cio e oportunidades de neg\u00f3cios [&hellip;]<\/p>\n","protected":false},"author":1,"featured_media":0,"comment_status":"open","ping_status":"open","sticky":false,"template":"","format":"standard","meta":{"_et_pb_use_builder":"","_et_pb_old_content":"","_et_gb_content_width":"","footnotes":""},"categories":[1],"tags":[],"class_list":["post-1350","post","type-post","status-publish","format-standard","hentry","category-sem-categoria"],"_links":{"self":[{"href":"https:\/\/sistemafaepa.com.br\/faepa\/wp-json\/wp\/v2\/posts\/1350","targetHints":{"allow":["GET"]}}],"collection":[{"href":"https:\/\/sistemafaepa.com.br\/faepa\/wp-json\/wp\/v2\/posts"}],"about":[{"href":"https:\/\/sistemafaepa.com.br\/faepa\/wp-json\/wp\/v2\/types\/post"}],"author":[{"embeddable":true,"href":"https:\/\/sistemafaepa.com.br\/faepa\/wp-json\/wp\/v2\/users\/1"}],"replies":[{"embeddable":true,"href":"https:\/\/sistemafaepa.com.br\/faepa\/wp-json\/wp\/v2\/comments?post=1350"}],"version-history":[{"count":0,"href":"https:\/\/sistemafaepa.com.br\/faepa\/wp-json\/wp\/v2\/posts\/1350\/revisions"}],"wp:attachment":[{"href":"https:\/\/sistemafaepa.com.br\/faepa\/wp-json\/wp\/v2\/media?parent=1350"}],"wp:term":[{"taxonomy":"category","embeddable":true,"href":"https:\/\/sistemafaepa.com.br\/faepa\/wp-json\/wp\/v2\/categories?post=1350"},{"taxonomy":"post_tag","embeddable":true,"href":"https:\/\/sistemafaepa.com.br\/faepa\/wp-json\/wp\/v2\/tags?post=1350"}],"curies":[{"name":"wp","href":"https:\/\/api.w.org\/{rel}","templated":true}]}}