{"id":1349,"date":"2019-03-18T18:31:56","date_gmt":"2019-03-18T21:31:56","guid":{"rendered":"http:\/\/sistemafaepa.com.br\/faepa\/2019\/03\/18\/inmet-promove-o-viii-simposio-de-meteorologia\/"},"modified":"2019-03-18T18:31:56","modified_gmt":"2019-03-18T21:31:56","slug":"inmet-promove-o-viii-simposio-de-meteorologia","status":"publish","type":"post","link":"https:\/\/sistemafaepa.com.br\/faepa\/inmet-promove-o-viii-simposio-de-meteorologia\/","title":{"rendered":"INMET promove o VIII Simp\u00f3sio de Meteorologia"},"content":{"rendered":"<p>Em comemora\u00e7\u00e3o ao Dia Meteorol\u00f3gico Mundial, celebrado no dia 23 de mar\u00e7o, o Instituto Nacional de Meteorologia \u2013 INMET, promove em Bel\u00e9m, o VIII Simp\u00f3sio de Meteorologia.<\/p>\n<p>Com o tema &#8220;O Sol, a Terra e o Tempo\u201d, o evento ser\u00e1 realizado na quinta-feira, 21\/3, das 9h \u00e0s 17h, na Universidade Federal Rural da Amaz\u00f4nia &#8211; Audit\u00f3rio Waldir Bouhid.<\/p>\n<p align=\"justify\">As inscri\u00e7\u00f5es s\u00e3o gratuitas e devem ser realizadas atrav\u00e9s do e-mail <a href=\"mailto:disme02@gmail.com\">disme02@gmail.com<\/a> at\u00e9 \u00e0s 18h de quarta-feira, 20\/3.<\/p>\n<p align=\"justify\">Os interessados devem enviar nome completo, RG e telefone.<\/p>\n<p align=\"justify\">Haver\u00e1 emiss\u00e3o de certificado com carga hor\u00e1ria de 10 horas para os participantes.<\/p>\n<p>&nbsp;<\/p>\n<p>&nbsp;<\/p>\n<p>&nbsp;<\/p>\n<p>&nbsp;<\/p>\n","protected":false},"excerpt":{"rendered":"<p>Em comemora\u00e7\u00e3o ao Dia Meteorol\u00f3gico Mundial, celebrado no dia 23 de mar\u00e7o, o Instituto Nacional de Meteorologia \u2013 INMET, promove em Bel\u00e9m, o VIII Simp\u00f3sio de Meteorologia. Com o tema &#8220;O Sol, a Terra e o Tempo\u201d, o evento ser\u00e1 realizado na quinta-feira, 21\/3, das 9h \u00e0s 17h, na Universidade Federal Rural da Amaz\u00f4nia &#8211; [&hellip;]<\/p>\n","protected":false},"author":1,"featured_media":0,"comment_status":"open","ping_status":"open","sticky":false,"template":"","format":"standard","meta":{"_et_pb_use_builder":"","_et_pb_old_content":"","_et_gb_content_width":"","footnotes":""},"categories":[1],"tags":[],"class_list":["post-1349","post","type-post","status-publish","format-standard","hentry","category-sem-categoria"],"_links":{"self":[{"href":"https:\/\/sistemafaepa.com.br\/faepa\/wp-json\/wp\/v2\/posts\/1349","targetHints":{"allow":["GET"]}}],"collection":[{"href":"https:\/\/sistemafaepa.com.br\/faepa\/wp-json\/wp\/v2\/posts"}],"about":[{"href":"https:\/\/sistemafaepa.com.br\/faepa\/wp-json\/wp\/v2\/types\/post"}],"author":[{"embeddable":true,"href":"https:\/\/sistemafaepa.com.br\/faepa\/wp-json\/wp\/v2\/users\/1"}],"replies":[{"embeddable":true,"href":"https:\/\/sistemafaepa.com.br\/faepa\/wp-json\/wp\/v2\/comments?post=1349"}],"version-history":[{"count":0,"href":"https:\/\/sistemafaepa.com.br\/faepa\/wp-json\/wp\/v2\/posts\/1349\/revisions"}],"wp:attachment":[{"href":"https:\/\/sistemafaepa.com.br\/faepa\/wp-json\/wp\/v2\/media?parent=1349"}],"wp:term":[{"taxonomy":"category","embeddable":true,"href":"https:\/\/sistemafaepa.com.br\/faepa\/wp-json\/wp\/v2\/categories?post=1349"},{"taxonomy":"post_tag","embeddable":true,"href":"https:\/\/sistemafaepa.com.br\/faepa\/wp-json\/wp\/v2\/tags?post=1349"}],"curies":[{"name":"wp","href":"https:\/\/api.w.org\/{rel}","templated":true}]}}